{"id":255101,"date":"2015-03-05T14:01:11","date_gmt":"2015-03-05T14:01:11","guid":{"rendered":"http:\/\/diariodominicano.ddns.net\/?p=255101"},"modified":"2015-03-05T14:01:11","modified_gmt":"2015-03-05T14:01:11","slug":"reitera-presidenta-que-argentina-es-blanco-de-intereses-geopoliticos","status":"publish","type":"post","link":"https:\/\/diariodominicano.com\/?p=255101","title":{"rendered":"&#13;Reitera presidenta que Argentina es blanco de intereses geopol\u00edticos\t\t&#13;"},"content":{"rendered":"<p><body><\/p>\n<p><img decoding=\"async\" src=\"img3\/cristina-blanco.jpg\" \/>  <\/p>\n<\/p>\n<p><span class=\"text1noticias\">Buenos Aires, 5 mar (PL) La presidenta Cristina Fern\u00e1ndez esboza una vez m\u00e1s su percepci\u00f3n de que Argentina, por los atentados a la asociaci\u00f3n jud\u00eda AMIA y la embajada israel\u00ed, sigue siendo hoy blanco del juego geopol\u00edtico con intereses en el Oriente Medio.<\/span><\/p>\n<\/p>\n<p><span class=\"text1noticias\">En una reflexi\u00f3n que publica en su sitio www.cfkargentina.com intitulada \u00abDe fechas, hechos y estrategias\u00bb, la mandataria sostiene que \u00abpara algunos, Argentina y AMIA s\u00f3lo son un da\u00f1o colateral en una guerra de la que nunca fuimos parte, ni queremos ser\u00bb.<\/span><\/p>\n<\/p>\n<p><span class=\"text1noticias\">\u00abDemasiadas coincidencias, demasiada tragedia, demasiada impunidad, sin que hasta hoy, 4 de marzo, haya un solo detenido o un solo condenado, al igual que en la AMIA\u00bb, afirma en relaci\u00f3n con la voladora en 1992 de la embajada israel\u00ed en Buenos Aires.<\/span><\/p>\n<\/p>\n<p><span class=\"text1noticias\">La mandataria deline\u00f3 esa percepci\u00f3n por primera vez en su discurso para inaugurar el a\u00f1o legislativo el pasado domingo ante el Congreso.<\/span><\/p>\n<\/p>\n<p><span class=\"text1noticias\">En la reflexi\u00f3n a la cual hacen referencia hoy casi todos los medios, la Presidenta alude al discurso del primer ministro israel\u00ed, Benjam\u00edn Netanyahu, en el Congreso de Estados Unidos, convocado por la mayor\u00eda legislativa republicana en la oposici\u00f3n.<\/span><\/p>\n<\/p>\n<p><span class=\"text1noticias\">Su discurso -opina- \u00abtuvo un solo objetivo: impedir que el Presidente Barak Obama llegue a ning\u00fan tipo de acuerdo con Ir\u00e1n sobre el Programa Nuclear de dicho pa\u00eds\u00bb.<\/span><\/p>\n<\/p>\n<p><span class=\"text1noticias\">Se\u00f1ala que el gobernante israel\u00ed mencion\u00f3 entre sus incriminaciones contra Teher\u00e1n que \u00abm\u00e1s all\u00e1 de Oriente Medio Ir\u00e1n ataca a Estados Unidos y sus aliados a trav\u00e9s de su red terrorista global. Vol\u00f3 el centro de la comunidad jud\u00eda y la Embajada de Israel en Buenos Aires\u00bb, cita la mandataria.<\/span><\/p>\n<\/p>\n<p><span class=\"text1noticias\">Pero \u00aba prop\u00f3sito de fechas, hechos y estrategias, el 17 de marzo hay elecciones en Israel\u00bb, se\u00f1ala la Presidenta en alusi\u00f3n a lo que analistas pol\u00edticos aqu\u00ed estiman que con su discurso en el Congreso de Washington Netanyahu buscaba r\u00e9dito en la campa\u00f1a pol\u00edtica.<\/span><\/p>\n<\/p>\n<p><span class=\"text1noticias\">Respecto a aquel atentado de marzo de 1992 y la voladura de la AMIA en junio de 1994, los \u00fanicos inculpados son ciudadanos iran\u00edes, sin que se existan pruebas realmente fehacientes de su participaci\u00f3n.<\/span><\/p>\n<\/p>\n<p><span class=\"text1noticias\">Esas parten solo de conjeturas e informaciones brindadas al Poder Judicial argentino \u00abpor servicios extranjeros de inteligencia\u00bb y extra\u00eddas de medios de prensa, seg\u00fan consta en un documento de la Corte Suprema de Justicia de Argentina, revelado precisamente la v\u00edspera.<\/span><\/p>\n<\/p>\n<p><span class=\"text1noticias\">En alusi\u00f3n a la explosi\u00f3n contra la sede diplom\u00e1tica israel\u00ed, Cristina Fern\u00e1ndez recalca en su reflexi\u00f3n que \u00abel reclamo es el mismo hace 21 a\u00f1os: Memoria, Verdad y Justicia. Alguna vez deber\u00e1n llegar, como con las v\u00edctimas del Terrorismo de Estado\u00bb.<\/span><\/p>\n<\/p>\n<p><span class=\"text1noticias\">E insiste: \u00abFechas, hechos y estrategias que nada tienen que ver con la Justicia que merecen las 85 v\u00edctimas de la AMIA, sus familiares y nuestro pa\u00eds\u00bb.<\/span><\/p>\n<p><span class=\"text1noticias\"> <\/span><\/p>\n<h6> 2015-03-05 14:01:11 <\/h6>\n<p><!--\n<link rel=\"stylesheet\" href=\"css\/bootstrap.min.css\">\n\n\n<ul class=\"pagination\">\n\t    \n\t\n\n<li >\n\t<a href='?page_no=24745'>Previous<\/a>\n\t<\/li>\n\n\n       \n    \n\n<li><a href='?page_no=1'>1<\/a><\/li>\n\n\n\n<li><a href='?page_no=2'>2<\/a><\/li>\n\n\n\n<li><a>...<\/a><\/li>\n\n\n\n<li><a href='?page_no=24744'>24744<\/a><\/li>\n\n\n\n<li><a href='?page_no=24745'>24745<\/a><\/li>\n\n\n\n<li class='active'><a>24746<\/a><\/li>\n\n\n\n<li><a href='?page_no=24747'>24747<\/a><\/li>\n\n\n\n<li><a href='?page_no=24748'>24748<\/a><\/li>\n\n\n\n<li><a>...<\/a><\/li>\n\n\n\n<li><a href='?page_no=51012'>51012<\/a><\/li>\n\n\n\n<li><a href='?page_no=51013'>51013<\/a><\/li>\n\n    \n\t\n\n<li >\n\t<a href='?page_no=24747'>Next<\/a>\n\t<\/li>\n\n\n    \n\n<li><a href='?page_no=51013'>Last &rsaquo;&rsaquo;<\/a><\/li>\n\n<\/ul>\n\n\n--><br \/>\n<\/body><\/p>\n","protected":false},"excerpt":{"rendered":"<p>Buenos Aires, 5 mar (PL) La presidenta Cristina Fern\u00e1ndez esboza una vez m\u00e1s su percepci\u00f3n de que Argentina, por los atentados a la asociaci\u00f3n jud\u00eda AMIA y la embajada israel\u00ed, sigue siendo hoy blanco del juego geopol\u00edtico con intereses en el Oriente Medio. En una reflexi\u00f3n que publica en su sitio www.cfkargentina.com intitulada \u00abDe fechas, [&hellip;]<\/p>\n","protected":false},"author":3,"featured_media":0,"comment_status":"open","ping_status":"open","sticky":false,"template":"","format":"standard","meta":{"footnotes":""},"categories":[23],"tags":[],"class_list":["post-255101","post","type-post","status-publish","format-standard","hentry","category-internacional"],"_links":{"self":[{"href":"https:\/\/diariodominicano.com\/index.php?rest_route=\/wp\/v2\/posts\/255101","targetHints":{"allow":["GET"]}}],"collection":[{"href":"https:\/\/diariodominicano.com\/index.php?rest_route=\/wp\/v2\/posts"}],"about":[{"href":"https:\/\/diariodominicano.com\/index.php?rest_route=\/wp\/v2\/types\/post"}],"author":[{"embeddable":true,"href":"https:\/\/diariodominicano.com\/index.php?rest_route=\/wp\/v2\/users\/3"}],"replies":[{"embeddable":true,"href":"https:\/\/diariodominicano.com\/index.php?rest_route=%2Fwp%2Fv2%2Fcomments&post=255101"}],"version-history":[{"count":0,"href":"https:\/\/diariodominicano.com\/index.php?rest_route=\/wp\/v2\/posts\/255101\/revisions"}],"wp:attachment":[{"href":"https:\/\/diariodominicano.com\/index.php?rest_route=%2Fwp%2Fv2%2Fmedia&parent=255101"}],"wp:term":[{"taxonomy":"category","embeddable":true,"href":"https:\/\/diariodominicano.com\/index.php?rest_route=%2Fwp%2Fv2%2Fcategories&post=255101"},{"taxonomy":"post_tag","embeddable":true,"href":"https:\/\/diariodominicano.com\/index.php?rest_route=%2Fwp%2Fv2%2Ftags&post=255101"}],"curies":[{"name":"wp","href":"https:\/\/api.w.org\/{rel}","templated":true}]}}