{"id":255100,"date":"2015-03-05T14:06:48","date_gmt":"2015-03-05T14:06:48","guid":{"rendered":"http:\/\/diariodominicano.ddns.net\/?p=255100"},"modified":"2015-03-05T14:06:48","modified_gmt":"2015-03-05T14:06:48","slug":"farc-ep-por-conformacion-de-comision-de-esclarecimiento-del-conflicto","status":"publish","type":"post","link":"https:\/\/diariodominicano.com\/?p=255100","title":{"rendered":"&#13;&#13;FARC-EP por conformaci\u00f3n de Comisi\u00f3n de Esclarecimiento del Conflicto"},"content":{"rendered":"<p><body><\/p>\n<p><img decoding=\"async\" src=\"img3\/carlos-antonio-lozada.jpg\" \/>  <\/p>\n<p><span class=\"text1noticias\">\t\t\t<\/span><\/p>\n<p><span class=\"text1noticias\">  <\/span><\/p>\n<\/p>\n<p><span class=\"text1noticias\">La Habana, 5 mar (PL) Las insurgentes FARC-EP abogaron hoy por la conformaci\u00f3n de la Comisi\u00f3n de Esclarecimiento y No Repetici\u00f3n, como parte del proceso de clarificaci\u00f3n hist\u00f3rica en torno al conflicto armado en Colombia.<\/span><\/p>\n<\/p>\n<p><span class=\"text1noticias\">En el contexto de los di\u00e1logos de paz que se desarrollan aqu\u00ed desde 2012 con el Gobierno de Juan Manuel Santos, el vocero de las Fuerzas Armadas Revolucionarias de Colombia-Ej\u00e9rcito del Pueblo (FARC-EP) Carlos Antonio Lozada explic\u00f3 que dicha Comisi\u00f3n tendr\u00e1 dos prop\u00f3sitos esenciales.<\/span><\/p>\n<\/p>\n<p><span class=\"text1noticias\">Este ente, dijo, deber\u00e1 contribuir a un entendimiento de la verdad del conflicto, profundizando en las causas y origen del mismo (&#8230;) y deber\u00e1 ofrecer recomendaciones consistentes en pol\u00edticas, medidas, acciones y dise\u00f1os institucionales requeridos para proveer las condiciones de no repetici\u00f3n, en aras de un orden de reconciliaci\u00f3n.<\/span><\/p>\n<\/p>\n<p><span class=\"text1noticias\">Seg\u00fan explic\u00f3, tal Comisi\u00f3n -de car\u00e1cter independiente, con autonom\u00eda plena para el desarrollo de su labor- deber\u00e1 realizar su trabajo durante un m\u00ednimo de tres a\u00f1os, tras lo cual deber\u00e1 presentar un Informe Final y de Recomendaciones.<\/span><\/p>\n<\/p>\n<p><span class=\"text1noticias\">Tambi\u00e9n, la insurgencia inst\u00f3 a la puesta en marcha de una Comisi\u00f3n espec\u00edfica para el esclarecimiento del fen\u00f3meno del paramilitarismo, \u00abpara conocer la verdad sobre los nexos con grupos paramilitares de empresas, compa\u00f1\u00edas transnacionales, gobiernos extranjeros, fuerzas pol\u00edticas, iglesias e instituciones p\u00fablicas y privadas\u00bb.<\/span><\/p>\n<\/p>\n<p><span class=\"text1noticias\">Asimismo, las FARC-EP abogaron por la reconstrucci\u00f3n y preservaci\u00f3n de la memoria hist\u00f3rica del movimiento social y popular, para lo cual deber\u00e1 crearse un Centro de la Memoria Hist\u00f3rica de dichos movimientos, con una secci\u00f3n especial dedicada a las organizaciones guerrilleras que han existido a lo largo de la historia del pa\u00eds.<\/span><\/p>\n<\/p>\n<p><span class=\"text1noticias\">Como parte de la presente jornada de di\u00e1logos, inici\u00f3 sus actividades la subcomisi\u00f3n t\u00e9cnica destinada a debatir el punto de la agenda Fin del conflicto, acto para el cual viajaron la v\u00edspera a La Habana altos mandos militares colombianos.<\/span><\/p>\n<\/p>\n<p><span class=\"text1noticias\">Este jueves en el Palacio de Convenciones, sede de los di\u00e1logos, este grupo de jefes militares que est\u00e1 bajo la coordinaci\u00f3n del mayor general Javier Fl\u00f3rez, no ofreci\u00f3 declaraciones a la prensa antes de entrar a la sesi\u00f3n acompa\u00f1ado del negociador jefe del equipo gubernamental, Humberto de la Calle.<\/span><\/p>\n<\/p>\n<p><span class=\"text1noticias\">Seg\u00fan recordaron las partes durante el pasado ciclo de conversaciones, el objetivo de tal subcomisi\u00f3n t\u00e9cnica es contribuir en el an\u00e1lisis de experiencias, generaci\u00f3n y discusi\u00f3n de iniciativas y propuestas sobre cese del fuego bilateral y dejaci\u00f3n de armas.<\/span><\/p>\n<\/p>\n<p><span class=\"text1noticias\">La subcomisi\u00f3n -instalada formalmente el 22 de agosto de 2014- sesionar\u00e1 en paralelo a las discusiones de la Mesa de Conversaciones.<\/span><\/p>\n<h6> 2015-03-05 14:06:48 <\/h6>\n<p><!--\n<link rel=\"stylesheet\" href=\"css\/bootstrap.min.css\">\n\n\n<ul class=\"pagination\">\n\t    \n\t\n\n<li >\n\t<a href='?page_no=24744'>Previous<\/a>\n\t<\/li>\n\n\n       \n    \n\n<li><a href='?page_no=1'>1<\/a><\/li>\n\n\n\n<li><a href='?page_no=2'>2<\/a><\/li>\n\n\n\n<li><a>...<\/a><\/li>\n\n\n\n<li><a href='?page_no=24743'>24743<\/a><\/li>\n\n\n\n<li><a href='?page_no=24744'>24744<\/a><\/li>\n\n\n\n<li class='active'><a>24745<\/a><\/li>\n\n\n\n<li><a href='?page_no=24746'>24746<\/a><\/li>\n\n\n\n<li><a href='?page_no=24747'>24747<\/a><\/li>\n\n\n\n<li><a>...<\/a><\/li>\n\n\n\n<li><a href='?page_no=51012'>51012<\/a><\/li>\n\n\n\n<li><a href='?page_no=51013'>51013<\/a><\/li>\n\n    \n\t\n\n<li >\n\t<a href='?page_no=24746'>Next<\/a>\n\t<\/li>\n\n\n    \n\n<li><a href='?page_no=51013'>Last &rsaquo;&rsaquo;<\/a><\/li>\n\n<\/ul>\n\n\n--><br \/>\n<\/body><\/p>\n","protected":false},"excerpt":{"rendered":"<p>La Habana, 5 mar (PL) Las insurgentes FARC-EP abogaron hoy por la conformaci\u00f3n de la Comisi\u00f3n de Esclarecimiento y No Repetici\u00f3n, como parte del proceso de clarificaci\u00f3n hist\u00f3rica en torno al conflicto armado en Colombia. En el contexto de los di\u00e1logos de paz que se desarrollan aqu\u00ed desde 2012 con el Gobierno de Juan Manuel [&hellip;]<\/p>\n","protected":false},"author":3,"featured_media":0,"comment_status":"open","ping_status":"open","sticky":false,"template":"","format":"standard","meta":{"footnotes":""},"categories":[23],"tags":[],"class_list":["post-255100","post","type-post","status-publish","format-standard","hentry","category-internacional"],"_links":{"self":[{"href":"https:\/\/diariodominicano.com\/index.php?rest_route=\/wp\/v2\/posts\/255100","targetHints":{"allow":["GET"]}}],"collection":[{"href":"https:\/\/diariodominicano.com\/index.php?rest_route=\/wp\/v2\/posts"}],"about":[{"href":"https:\/\/diariodominicano.com\/index.php?rest_route=\/wp\/v2\/types\/post"}],"author":[{"embeddable":true,"href":"https:\/\/diariodominicano.com\/index.php?rest_route=\/wp\/v2\/users\/3"}],"replies":[{"embeddable":true,"href":"https:\/\/diariodominicano.com\/index.php?rest_route=%2Fwp%2Fv2%2Fcomments&post=255100"}],"version-history":[{"count":0,"href":"https:\/\/diariodominicano.com\/index.php?rest_route=\/wp\/v2\/posts\/255100\/revisions"}],"wp:attachment":[{"href":"https:\/\/diariodominicano.com\/index.php?rest_route=%2Fwp%2Fv2%2Fmedia&parent=255100"}],"wp:term":[{"taxonomy":"category","embeddable":true,"href":"https:\/\/diariodominicano.com\/index.php?rest_route=%2Fwp%2Fv2%2Fcategories&post=255100"},{"taxonomy":"post_tag","embeddable":true,"href":"https:\/\/diariodominicano.com\/index.php?rest_route=%2Fwp%2Fv2%2Ftags&post=255100"}],"curies":[{"name":"wp","href":"https:\/\/api.w.org\/{rel}","templated":true}]}}