{"id":255098,"date":"2015-03-05T14:17:21","date_gmt":"2015-03-05T14:17:21","guid":{"rendered":"http:\/\/diariodominicano.ddns.net\/?p=255098"},"modified":"2015-03-05T14:17:21","modified_gmt":"2015-03-05T14:17:21","slug":"restricciones-de-movimiento-afectan-la-vida-en-gaza-advierte-onu","status":"publish","type":"post","link":"https:\/\/diariodominicano.com\/?p=255098","title":{"rendered":"&#13;&#13;&#13;Restricciones de movimiento afectan la vida en Gaza, advierte ONU"},"content":{"rendered":"<p><body><\/p>\n<\/p>\n<p>Naciones Unidas, 5 mar (PL) Las restricciones impuestas por Israel al movimiento de personas y bienes en la Franja de Gaza afectan la vida del mill\u00f3n 800 mil palestinos que la habitan, advirti\u00f3 hoy Naciones Unidas.<\/p>\n<\/p>\n<p>Seg\u00fan un reporte graficado de la Oficina de Coordinaci\u00f3n de Asuntos Humanitarios (OCHA), la situaci\u00f3n es bien complicada en cuanto al acceso a recursos y servicios esenciales para sobrevivir, interrumpiendo el desarrollo de las familias y las aspiraciones de un futuro pr\u00f3spero.<\/p>\n<\/p>\n<p>Desde principios de la d\u00e9cada de los 90 del anterior siglo, los palestinos sufren limitaciones de movimiento en Gaza, recrudecidas con el bloqueo israel\u00ed establecido en junio de 2007, luego de la llegada al poder del grupo de resistencia isl\u00e1mica Hamas.<\/p>\n<\/p>\n<p>La Oficina precisa que las penurias aumentaron con las restricciones fijadas en 2013 por Egipto en el cruce de Rafah, convertido en el principal punto de flujo de personas y mercanc\u00edas.<\/p>\n<\/p>\n<p>El documento circulado aqu\u00ed por la OCHA refleja la clausura por Israel de los cruces de Sufa y Karni y la situaci\u00f3n de Erez (Beit Hanoun para los \u00e1rabes), donde los ocupantes permiten seis d\u00edas a la semana el paso parcial de seres humanos.<\/p>\n<\/p>\n<p>En el caso de Rafah (Al Awda), apenas est\u00e1 abierto dos o tres veces al mes, fundamentalmente para el movimiento de ayuda humanitaria urgente, se\u00f1ala.<\/p>\n<\/p>\n<p>La situaci\u00f3n en la Franja de Gaza se ha deteriorado en los \u00faltimos meses, despu\u00e9s de los 50 d\u00edas de bombardeos a\u00e9reos e incursiones terrestres de Tel Aviv el verano pasado, la tercera agresi\u00f3n en siete a\u00f1os.<\/p>\n<\/p>\n<p>Adem\u00e1s de las dos mil 100 v\u00edctimas fatales, los 10 mil heridos y el casi medio mill\u00f3n de desplazados, los ataques devastaron la ya golpeada infraestructura habitacional y de servicios b\u00e1sicos.<\/p>\n<\/p>\n<p>Naciones Unidas demanda a la comunidad de donantes el cumplimiento de sus compromisos de apoyar la reconstrucci\u00f3n de Gaza, lanzados en la conferencia de El Cario, a finales de 2014.<\/p>\n<h6> 2015-03-05 14:17:21 <\/h6>\n<p><!--\n<link rel=\"stylesheet\" href=\"css\/bootstrap.min.css\">\n\n\n<ul class=\"pagination\">\n\t    \n\t\n\n<li >\n\t<a href='?page_no=24742'>Previous<\/a>\n\t<\/li>\n\n\n       \n    \n\n<li><a href='?page_no=1'>1<\/a><\/li>\n\n\n\n<li><a href='?page_no=2'>2<\/a><\/li>\n\n\n\n<li><a>...<\/a><\/li>\n\n\n\n<li><a href='?page_no=24741'>24741<\/a><\/li>\n\n\n\n<li><a href='?page_no=24742'>24742<\/a><\/li>\n\n\n\n<li class='active'><a>24743<\/a><\/li>\n\n\n\n<li><a href='?page_no=24744'>24744<\/a><\/li>\n\n\n\n<li><a href='?page_no=24745'>24745<\/a><\/li>\n\n\n\n<li><a>...<\/a><\/li>\n\n\n\n<li><a href='?page_no=51012'>51012<\/a><\/li>\n\n\n\n<li><a href='?page_no=51013'>51013<\/a><\/li>\n\n    \n\t\n\n<li >\n\t<a href='?page_no=24744'>Next<\/a>\n\t<\/li>\n\n\n    \n\n<li><a href='?page_no=51013'>Last &rsaquo;&rsaquo;<\/a><\/li>\n\n<\/ul>\n\n\n--><br \/>\n<\/body><\/p>\n","protected":false},"excerpt":{"rendered":"<p>Naciones Unidas, 5 mar (PL) Las restricciones impuestas por Israel al movimiento de personas y bienes en la Franja de Gaza afectan la vida del mill\u00f3n 800 mil palestinos que la habitan, advirti\u00f3 hoy Naciones Unidas. Seg\u00fan un reporte graficado de la Oficina de Coordinaci\u00f3n de Asuntos Humanitarios (OCHA), la situaci\u00f3n es bien complicada en [&hellip;]<\/p>\n","protected":false},"author":3,"featured_media":0,"comment_status":"open","ping_status":"open","sticky":false,"template":"","format":"standard","meta":{"footnotes":""},"categories":[23],"tags":[],"class_list":["post-255098","post","type-post","status-publish","format-standard","hentry","category-internacional"],"_links":{"self":[{"href":"https:\/\/diariodominicano.com\/index.php?rest_route=\/wp\/v2\/posts\/255098","targetHints":{"allow":["GET"]}}],"collection":[{"href":"https:\/\/diariodominicano.com\/index.php?rest_route=\/wp\/v2\/posts"}],"about":[{"href":"https:\/\/diariodominicano.com\/index.php?rest_route=\/wp\/v2\/types\/post"}],"author":[{"embeddable":true,"href":"https:\/\/diariodominicano.com\/index.php?rest_route=\/wp\/v2\/users\/3"}],"replies":[{"embeddable":true,"href":"https:\/\/diariodominicano.com\/index.php?rest_route=%2Fwp%2Fv2%2Fcomments&post=255098"}],"version-history":[{"count":0,"href":"https:\/\/diariodominicano.com\/index.php?rest_route=\/wp\/v2\/posts\/255098\/revisions"}],"wp:attachment":[{"href":"https:\/\/diariodominicano.com\/index.php?rest_route=%2Fwp%2Fv2%2Fmedia&parent=255098"}],"wp:term":[{"taxonomy":"category","embeddable":true,"href":"https:\/\/diariodominicano.com\/index.php?rest_route=%2Fwp%2Fv2%2Fcategories&post=255098"},{"taxonomy":"post_tag","embeddable":true,"href":"https:\/\/diariodominicano.com\/index.php?rest_route=%2Fwp%2Fv2%2Ftags&post=255098"}],"curies":[{"name":"wp","href":"https:\/\/api.w.org\/{rel}","templated":true}]}}