{"id":255097,"date":"2015-03-05T14:24:11","date_gmt":"2015-03-05T14:24:11","guid":{"rendered":"http:\/\/diariodominicano.ddns.net\/?p=255097"},"modified":"2015-03-05T14:24:11","modified_gmt":"2015-03-05T14:24:11","slug":"auguran-en-mexico-desarticulacion-de-grupo-criminal-los-zeta","status":"publish","type":"post","link":"https:\/\/diariodominicano.com\/?p=255097","title":{"rendered":"&#13;&#13;&#13;Auguran en M\u00e9xico desarticulaci\u00f3n de grupo criminal Los Zeta"},"content":{"rendered":"<p><body><\/p>\n<p><span class=\"text1noticias\">\t\t<\/span><\/p>\n<\/p>\n<p><span class=\"text1noticias\">M\u00e9xico, 5 mar (PL) Las autoridades mexicanas consideran hoy que la captura de Omar Trevi\u00f1o, el \u00abZ-42\u00bb, deja profundamente debilitado al cartel de Los Zetas, que podr\u00eda desarticularse e incluso desaparecer.<\/span><\/p>\n<\/p>\n<p><span class=\"text1noticias\">As\u00ed lo afirm\u00f3 Monte Alejandro Rubido, comisionado nacional de Seguridad, quien afirm\u00f3 a la prensa que Trevi\u00f1o, capturado la v\u00edspera en el estado de Nuevo Le\u00f3n, no deja sucesor, lo cual podr\u00eda complicar el futuro de esa agrupaci\u00f3n criminal.<\/span><\/p>\n<\/p>\n<p><span class=\"text1noticias\">Rubido reconoci\u00f3 que la posibilidad de un repunte de violencia est\u00e1 latente, \u00abpero si se llegara a dar ser\u00eda focalizada donde los grup\u00fasculos se disputen el poder\u00bb, apunt\u00f3.<\/span><\/p>\n<\/p>\n<p><span class=\"text1noticias\">Mencion\u00f3 que detr\u00e1s de la captura hay un trabajo de inteligencia que llev\u00f3 a siete a\u00f1os de b\u00fasqueda, justo en el inicio de la \u00e9poca en la que comienzan a ocurrir las decapitaciones y otros cr\u00edmenes perpetrados por Los Zetas.<\/span><\/p>\n<\/p>\n<p><span class=\"text1noticias\">El \u00abZ-42\u00bb se mov\u00eda en una amplia zona, que comprend\u00eda municipios de los estados de Nuevo Le\u00f3n y Coahuila, explic\u00f3.<\/span><\/p>\n<\/p>\n<p><span class=\"text1noticias\">\u00abCuando el l\u00edder es detenido se afecta la estructura delincuencial\u00bb, que en este caso est\u00e1 \u00abseriamente mellada en sus capacidades de operaci\u00f3n\u00bb, asegur\u00f3 el funcionario federal.<\/span><\/p>\n<\/p>\n<p><span class=\"text1noticias\">Augur\u00f3 que la captura de Trevi\u00f1o va a contribuir a aliviar la situaci\u00f3n en Tamaulipas, aunque advirti\u00f3 que se trata de un estado con caracter\u00edsticas muy particulares, con cinco aeropuertos, dos puertos y 17 cruces fronterizos con Estados Unidos.<\/span><\/p>\n<h6> 2015-03-05 14:24:11 <\/h6>\n<p><!--\n<link rel=\"stylesheet\" href=\"css\/bootstrap.min.css\">\n\n\n<ul class=\"pagination\">\n\t    \n\t\n\n<li >\n\t<a href='?page_no=24741'>Previous<\/a>\n\t<\/li>\n\n\n       \n    \n\n<li><a href='?page_no=1'>1<\/a><\/li>\n\n\n\n<li><a href='?page_no=2'>2<\/a><\/li>\n\n\n\n<li><a>...<\/a><\/li>\n\n\n\n<li><a href='?page_no=24740'>24740<\/a><\/li>\n\n\n\n<li><a href='?page_no=24741'>24741<\/a><\/li>\n\n\n\n<li class='active'><a>24742<\/a><\/li>\n\n\n\n<li><a href='?page_no=24743'>24743<\/a><\/li>\n\n\n\n<li><a href='?page_no=24744'>24744<\/a><\/li>\n\n\n\n<li><a>...<\/a><\/li>\n\n\n\n<li><a href='?page_no=51012'>51012<\/a><\/li>\n\n\n\n<li><a href='?page_no=51013'>51013<\/a><\/li>\n\n    \n\t\n\n<li >\n\t<a href='?page_no=24743'>Next<\/a>\n\t<\/li>\n\n\n    \n\n<li><a href='?page_no=51013'>Last &rsaquo;&rsaquo;<\/a><\/li>\n\n<\/ul>\n\n\n--><br \/>\n<\/body><\/p>\n","protected":false},"excerpt":{"rendered":"<p>M\u00e9xico, 5 mar (PL) Las autoridades mexicanas consideran hoy que la captura de Omar Trevi\u00f1o, el \u00abZ-42\u00bb, deja profundamente debilitado al cartel de Los Zetas, que podr\u00eda desarticularse e incluso desaparecer. As\u00ed lo afirm\u00f3 Monte Alejandro Rubido, comisionado nacional de Seguridad, quien afirm\u00f3 a la prensa que Trevi\u00f1o, capturado la v\u00edspera en el estado de [&hellip;]<\/p>\n","protected":false},"author":3,"featured_media":0,"comment_status":"open","ping_status":"open","sticky":false,"template":"","format":"standard","meta":{"footnotes":""},"categories":[23],"tags":[],"class_list":["post-255097","post","type-post","status-publish","format-standard","hentry","category-internacional"],"_links":{"self":[{"href":"https:\/\/diariodominicano.com\/index.php?rest_route=\/wp\/v2\/posts\/255097","targetHints":{"allow":["GET"]}}],"collection":[{"href":"https:\/\/diariodominicano.com\/index.php?rest_route=\/wp\/v2\/posts"}],"about":[{"href":"https:\/\/diariodominicano.com\/index.php?rest_route=\/wp\/v2\/types\/post"}],"author":[{"embeddable":true,"href":"https:\/\/diariodominicano.com\/index.php?rest_route=\/wp\/v2\/users\/3"}],"replies":[{"embeddable":true,"href":"https:\/\/diariodominicano.com\/index.php?rest_route=%2Fwp%2Fv2%2Fcomments&post=255097"}],"version-history":[{"count":0,"href":"https:\/\/diariodominicano.com\/index.php?rest_route=\/wp\/v2\/posts\/255097\/revisions"}],"wp:attachment":[{"href":"https:\/\/diariodominicano.com\/index.php?rest_route=%2Fwp%2Fv2%2Fmedia&parent=255097"}],"wp:term":[{"taxonomy":"category","embeddable":true,"href":"https:\/\/diariodominicano.com\/index.php?rest_route=%2Fwp%2Fv2%2Fcategories&post=255097"},{"taxonomy":"post_tag","embeddable":true,"href":"https:\/\/diariodominicano.com\/index.php?rest_route=%2Fwp%2Fv2%2Ftags&post=255097"}],"curies":[{"name":"wp","href":"https:\/\/api.w.org\/{rel}","templated":true}]}}