{"id":255096,"date":"2015-03-05T14:29:30","date_gmt":"2015-03-05T14:29:30","guid":{"rendered":"http:\/\/diariodominicano.ddns.net\/?p=255096"},"modified":"2015-03-05T14:29:30","modified_gmt":"2015-03-05T14:29:30","slug":"italia-insta-a-reforzar-controles-en-fronteras-exteriores-de-la-ue","status":"publish","type":"post","link":"https:\/\/diariodominicano.com\/?p=255096","title":{"rendered":"&#13;&#13;Italia insta a reforzar controles en fronteras exteriores de la UE"},"content":{"rendered":"<p><body><\/p>\n<p><span class=\"text1noticias\">\t\t<\/span><\/p>\n<\/p>\n<p><span class=\"text1noticias\">Roma, 5 mar (PL) Italia est\u00e1 a favor de reforzar los controles en las fronteras exteriores de la Uni\u00f3n Europea (UE), con observaciones sistem\u00e1ticas en aeropuertos y l\u00edmites terrestres, seg\u00fan afirm\u00f3 hoy el ministro de Relaciones Exteriores de este pa\u00eds, Paolo Gentiloni.<\/span><\/p>\n<\/p>\n<p><span class=\"text1noticias\">Las declaraciones de Gentiloni fueron realizadas durante una sesi\u00f3n de la Comisi\u00f3n Parlamentaria de Control de Schengen (de libre intercambio dentro de la UE), precis\u00f3 la edici\u00f3n digital del diario La Repubblica.<\/span><\/p>\n<\/p>\n<p><span class=\"text1noticias\">De acuerdo con el citado medio, Schengen es un acuerdo por medio del cual varios pa\u00edses de Europa suprimieron los controles en las fronteras interiores, al trasladar esas inspecciones hacia las exteriores (con terceros pa\u00edses).<\/span><\/p>\n<\/p>\n<p><span class=\"text1noticias\">Seg\u00fan el titular, la posici\u00f3n de Italia se debe a la grave situaci\u00f3n que enfrenta la naci\u00f3n con el problema migratorio, sobre todo, en la actualidad, con el avance y fortalecimiento del Estado Isl\u00e1mico en Libia, a poco m\u00e1s de 300 kil\u00f3metros de sus costas.<\/span><\/p>\n<\/p>\n<p><span class=\"text1noticias\">En 2014, de los 278 mil indocumentados que cruzaron hacia Europa, al menos 170 mil llegaron a Italia, puntualiz\u00f3 Gentiloni.<\/span><\/p>\n<\/p>\n<p><span class=\"text1noticias\">Como cifra total, hubo 70 mil solicitudes de asilo, con el territorio italiano en tercer lugar, despu\u00e9s de Alemania y Suecia, a\u00f1adi\u00f3.<\/span><\/p>\n<\/p>\n<p><span class=\"text1noticias\">Aunque Trit\u00f3n, el programa europeo para el control fronterizo, tiene logros importantes en el poco tiempo que lleva desde su puesta en marcha, todav\u00eda se pude hacer mucho m\u00e1s, se\u00f1al\u00f3 el ministro de Exteriores.<\/span><\/p>\n<\/p>\n<p><span class=\"text1noticias\">Sobre la cuesti\u00f3n del temor ante un supuesto ataque del EI a Italia, el canciller reconoci\u00f3 que no existe hasta ahora informaci\u00f3n concreta de riesgos reales, m\u00e1s all\u00e1 de los potenciales.<\/span><\/p>\n<\/p>\n<p><span class=\"text1noticias\">No obstante, precis\u00f3, estaremos alertas sobre la posible llegada de terroristas a trav\u00e9s de los balseros que cruzan el Mediterr\u00e1neo.<\/span><\/p>\n<\/p>\n<p><span class=\"text1noticias\">Controles m\u00e1s sistem\u00e1ticos en las fronteras externas del espacio Schengen, pero libre circulaci\u00f3n dentro de los pa\u00edses firmantes de dicha convenci\u00f3n, es lo que sostiene uno de los fundamentos de nuestro espacio com\u00fan de libertad, seguridad y justicia, sostuvo el jefe de la diplomacia italiana ante los parlamentarios.<\/span><\/p>\n<\/p>\n<p><span class=\"text1noticias\">El tratado, firmado en la ciudad luxemburguesa de Schengen en 1985 y en vigor desde 1995, establece un espacio com\u00fan por el cual puede circular libremente toda persona que entre regularmente por una frontera exterior o resida en uno de los pa\u00edses participantes del convenio.<\/span><\/p>\n<\/p>\n<h6> 2015-03-05 14:29:30 <\/h6>\n<p><!--\n<link rel=\"stylesheet\" href=\"css\/bootstrap.min.css\">\n\n\n<ul class=\"pagination\">\n\t    \n\t\n\n<li >\n\t<a href='?page_no=24740'>Previous<\/a>\n\t<\/li>\n\n\n       \n    \n\n<li><a href='?page_no=1'>1<\/a><\/li>\n\n\n\n<li><a href='?page_no=2'>2<\/a><\/li>\n\n\n\n<li><a>...<\/a><\/li>\n\n\n\n<li><a href='?page_no=24739'>24739<\/a><\/li>\n\n\n\n<li><a href='?page_no=24740'>24740<\/a><\/li>\n\n\n\n<li class='active'><a>24741<\/a><\/li>\n\n\n\n<li><a href='?page_no=24742'>24742<\/a><\/li>\n\n\n\n<li><a href='?page_no=24743'>24743<\/a><\/li>\n\n\n\n<li><a>...<\/a><\/li>\n\n\n\n<li><a href='?page_no=51012'>51012<\/a><\/li>\n\n\n\n<li><a href='?page_no=51013'>51013<\/a><\/li>\n\n    \n\t\n\n<li >\n\t<a href='?page_no=24742'>Next<\/a>\n\t<\/li>\n\n\n    \n\n<li><a href='?page_no=51013'>Last &rsaquo;&rsaquo;<\/a><\/li>\n\n<\/ul>\n\n\n--><br \/>\n<\/body><\/p>\n","protected":false},"excerpt":{"rendered":"<p>Roma, 5 mar (PL) Italia est\u00e1 a favor de reforzar los controles en las fronteras exteriores de la Uni\u00f3n Europea (UE), con observaciones sistem\u00e1ticas en aeropuertos y l\u00edmites terrestres, seg\u00fan afirm\u00f3 hoy el ministro de Relaciones Exteriores de este pa\u00eds, Paolo Gentiloni. Las declaraciones de Gentiloni fueron realizadas durante una sesi\u00f3n de la Comisi\u00f3n Parlamentaria [&hellip;]<\/p>\n","protected":false},"author":3,"featured_media":0,"comment_status":"open","ping_status":"open","sticky":false,"template":"","format":"standard","meta":{"footnotes":""},"categories":[23],"tags":[],"class_list":["post-255096","post","type-post","status-publish","format-standard","hentry","category-internacional"],"_links":{"self":[{"href":"https:\/\/diariodominicano.com\/index.php?rest_route=\/wp\/v2\/posts\/255096","targetHints":{"allow":["GET"]}}],"collection":[{"href":"https:\/\/diariodominicano.com\/index.php?rest_route=\/wp\/v2\/posts"}],"about":[{"href":"https:\/\/diariodominicano.com\/index.php?rest_route=\/wp\/v2\/types\/post"}],"author":[{"embeddable":true,"href":"https:\/\/diariodominicano.com\/index.php?rest_route=\/wp\/v2\/users\/3"}],"replies":[{"embeddable":true,"href":"https:\/\/diariodominicano.com\/index.php?rest_route=%2Fwp%2Fv2%2Fcomments&post=255096"}],"version-history":[{"count":0,"href":"https:\/\/diariodominicano.com\/index.php?rest_route=\/wp\/v2\/posts\/255096\/revisions"}],"wp:attachment":[{"href":"https:\/\/diariodominicano.com\/index.php?rest_route=%2Fwp%2Fv2%2Fmedia&parent=255096"}],"wp:term":[{"taxonomy":"category","embeddable":true,"href":"https:\/\/diariodominicano.com\/index.php?rest_route=%2Fwp%2Fv2%2Fcategories&post=255096"},{"taxonomy":"post_tag","embeddable":true,"href":"https:\/\/diariodominicano.com\/index.php?rest_route=%2Fwp%2Fv2%2Ftags&post=255096"}],"curies":[{"name":"wp","href":"https:\/\/api.w.org\/{rel}","templated":true}]}}