{"id":255095,"date":"2015-03-05T23:35:00","date_gmt":"2015-03-05T23:35:00","guid":{"rendered":"http:\/\/diariodominicano.ddns.net\/?p=255095"},"modified":"2015-03-05T23:35:00","modified_gmt":"2015-03-05T23:35:00","slug":"dialogo-interamericano-analiza-la-crisis-fiscal-de-puerto-rico","status":"publish","type":"post","link":"https:\/\/diariodominicano.com\/?p=255095","title":{"rendered":"Di\u00e1logo Interamericano analiza la crisis fiscal de Puerto Rico"},"content":{"rendered":"<p><body><\/p>\n<p><img decoding=\"async\" src=\"img3\/rafael cox Alemar0502.jpg\" \/>  <\/p>\n<\/p>\n<p><span class=\"text1noticias\">Para Cox Alomar, la deuda p\u00fablica de cerca de $73,000 millones es consecuencia del descontrol financiero y la falta de crecimiento econ\u00f3mico, pero tiene su ra\u00edz en un sistema pol\u00edtico neocolonial. (GFR MEDIA)<\/span><\/p>\n<\/p>\n<p><span class=\"text1noticias\">WASHIINGTO, 6 de Marzo de 2015. ? El grupo de estudio Di\u00e1logo Interamericano, con base en Washington D.C.  y especializado en temas de Latinoam\u00e9rica, dedic\u00f3 su bolet\u00edn de ayer, jueves, al debate sobre la crisis fiscal de Puerto Rico.<\/span><\/p>\n<\/p>\n<p><span class=\"text1noticias\">En su secci\u00f3n de principal, \u00abPreguntas y Respuestas\u00bb, consult\u00f3 al excandidato a comisionado residente por el Partido Popular Democr\u00e1tico, Rafael Cox Alomar;  al jefe de Relaciones con Inversionistas del Banco Gubernamental de Fomento (BGF), Todd Hagerman; al soci\u00f3logo y profesor universitario, Emilio Pantojas Garc\u00eda; y a la directora ejecutiva del Instituto de Pol\u00edtica P\u00fablica del Sistema Universitario Ana G. M\u00e9ndez, Ivonne Lozada Rosas.<\/span><\/p>\n<\/p>\n<p><span class=\"text1noticias\">La pregunta que le hizo al grupo fue: \u00bfPuede Puerto Rico pagar sus deudas o entrar\u00e1 en un impago en el futuro?<\/span><\/p>\n<\/p>\n<p><span class=\"text1noticias\">Cox Alomar, quien ahora es profesor adjunto en la Escuela de Derecho de la Universidad del Distrito de Columbia (UDC), sostuvo que \u00abcontrario a lo que representa el gobierno del territorio estadounidense, Puerto Rico est\u00e1 a punto de incumplir con su deudas\u00bb.<\/span><\/p>\n<\/p>\n<p><span class=\"text1noticias\">\u00abEso va a tener un efecto domin\u00f3 en la estabilidad del mercado municipal estadounidense de $4.3 trillones, debido a que cerca del 75% de los fondos de los bonos municipales tiene bonos de la Isla\u00bb, indic\u00f3 Cox Alomar.<\/span><\/p>\n<\/p>\n<p><span class=\"text1noticias\">Para Cox Alomar, la deuda p\u00fablica de cerca de $73,000 millones es consecuencia del descontrol financiero y la falta de crecimiento econ\u00f3mico, pero tiene su ra\u00edz en un sistema pol\u00edtico neocolonial, en el que el \u00abCongreso controla unilateralmente, sin el consentimiento expl\u00edcito del pueblo de Puerto Rico, todas las variables econ\u00f3micas\u00bb.<\/span><\/p>\n<\/p>\n<p><span class=\"text1noticias\">Ese sistema territorial, dijo, tiene que terminar y el Congreso devolverle a Puerto Rico su soberan\u00eda.<\/span><\/p>\n<\/p>\n<p><span class=\"text1noticias\">Para Hagerman, la atenci\u00f3n tiene que estar ahora en lograr que el Congreso incluya a Puerto Rico en el cap\u00edtulo 9 de la ley federal de quiebras, para evitar la inseguridad que causa en los mercados la falta de un marco jur\u00eddico en caso de insolvencia de una empresa p\u00fablica.<\/span><\/p>\n<\/p>\n<p><span class=\"text1noticias\">\u00abLa falta de claridad solo eleva el costo de b\u00fasqueda de capital para el Estado Libre Asociado y exacerba la emergencia fiscal en Puerto Rico\u00bb, agreg\u00f3.<\/span><\/p>\n<\/p>\n<p><span class=\"text1noticias\">El profesor Pantojas Garc\u00eda, mientras, sostuvo que la crisis fiscal de Puerto Rico est\u00e1 arraigada en el mal gobierno, la corrupci\u00f3n, instituciones d\u00e9biles, falta de transparencia e impunidad.<\/span><\/p>\n<\/p>\n<p><span class=\"text1noticias\">?Para hacer frente a la crisis, el Congreso debe crear un grupo de trabajo no partidista integrado por expertos locales y (de Estados Unidos)  para estudiar e investigar las pr\u00e1cticas administrativas de un gobierno derrochador e ineficiente, y recomendar una estrategia para la recuperaci\u00f3n. Cualquier otra cosa ser\u00eda una medida provisional\u00bb, sostuvo Pantojas Garc\u00eda.<\/span><\/p>\n<\/p>\n<p><span class=\"text1noticias\">Lozada Rosas, vicepresidenta adjunta del SUAGM, sostuvo que el actual status de Puerto Rico no le permite tener acceso a las alternativas financieras de las naciones sobernas ni a las del sistema jur\u00eddicoestadounidense, como el cap\u00edtulo 9 de la ley federal de quiebras.<\/span><\/p>\n<\/p>\n<p><span class=\"text1noticias\">\u00abUn intento de encontrar una soluci\u00f3n por medio de un proceso de  bancarrota local fue declarado inconstitucional por un juez federal, mientras que gobierno federal parece arrastrar sus pies en la b\u00fasqueda de una soluci\u00f3n a los problemas fiscales de Puerto Rico. En este momento, no se ve la luz.  Dada la capacidad de recuperaci\u00f3n del pueblo de Puerto Rico- dijo, no obstante-, alguna soluci\u00f3n se encontrar\u00e1, aunque en este momento parezca distante\u00bb, se\u00f1al\u00f3 Lozada Rosas.<\/span><\/p>\n<\/p>\n<p><span class=\"text1noticias\">El bolet\u00edn del Di\u00e1logo Interamericano circula por sectores diplom\u00e1ticos, corporativos, pol\u00edticos y acad\u00e9micos.<\/span><\/p>\n<\/p>\n<\/p>\n<h6> 2015-03-05 23:35:00 <\/h6>\n<p><!--\n<link rel=\"stylesheet\" href=\"css\/bootstrap.min.css\">\n\n\n<ul class=\"pagination\">\n\t    \n\t\n\n<li >\n\t<a href='?page_no=24739'>Previous<\/a>\n\t<\/li>\n\n\n       \n    \n\n<li><a href='?page_no=1'>1<\/a><\/li>\n\n\n\n<li><a href='?page_no=2'>2<\/a><\/li>\n\n\n\n<li><a>...<\/a><\/li>\n\n\n\n<li><a href='?page_no=24738'>24738<\/a><\/li>\n\n\n\n<li><a href='?page_no=24739'>24739<\/a><\/li>\n\n\n\n<li class='active'><a>24740<\/a><\/li>\n\n\n\n<li><a href='?page_no=24741'>24741<\/a><\/li>\n\n\n\n<li><a href='?page_no=24742'>24742<\/a><\/li>\n\n\n\n<li><a>...<\/a><\/li>\n\n\n\n<li><a href='?page_no=51012'>51012<\/a><\/li>\n\n\n\n<li><a href='?page_no=51013'>51013<\/a><\/li>\n\n    \n\t\n\n<li >\n\t<a href='?page_no=24741'>Next<\/a>\n\t<\/li>\n\n\n    \n\n<li><a href='?page_no=51013'>Last &rsaquo;&rsaquo;<\/a><\/li>\n\n<\/ul>\n\n\n--><br \/>\n<\/body><\/p>\n","protected":false},"excerpt":{"rendered":"<p>Para Cox Alomar, la deuda p\u00fablica de cerca de $73,000 millones es consecuencia del descontrol financiero y la falta de crecimiento econ\u00f3mico, pero tiene su ra\u00edz en un sistema pol\u00edtico neocolonial. (GFR MEDIA) WASHIINGTO, 6 de Marzo de 2015. ? El grupo de estudio Di\u00e1logo Interamericano, con base en Washington D.C. y especializado en temas [&hellip;]<\/p>\n","protected":false},"author":3,"featured_media":0,"comment_status":"open","ping_status":"open","sticky":false,"template":"","format":"standard","meta":{"footnotes":""},"categories":[23],"tags":[],"class_list":["post-255095","post","type-post","status-publish","format-standard","hentry","category-internacional"],"_links":{"self":[{"href":"https:\/\/diariodominicano.com\/index.php?rest_route=\/wp\/v2\/posts\/255095","targetHints":{"allow":["GET"]}}],"collection":[{"href":"https:\/\/diariodominicano.com\/index.php?rest_route=\/wp\/v2\/posts"}],"about":[{"href":"https:\/\/diariodominicano.com\/index.php?rest_route=\/wp\/v2\/types\/post"}],"author":[{"embeddable":true,"href":"https:\/\/diariodominicano.com\/index.php?rest_route=\/wp\/v2\/users\/3"}],"replies":[{"embeddable":true,"href":"https:\/\/diariodominicano.com\/index.php?rest_route=%2Fwp%2Fv2%2Fcomments&post=255095"}],"version-history":[{"count":0,"href":"https:\/\/diariodominicano.com\/index.php?rest_route=\/wp\/v2\/posts\/255095\/revisions"}],"wp:attachment":[{"href":"https:\/\/diariodominicano.com\/index.php?rest_route=%2Fwp%2Fv2%2Fmedia&parent=255095"}],"wp:term":[{"taxonomy":"category","embeddable":true,"href":"https:\/\/diariodominicano.com\/index.php?rest_route=%2Fwp%2Fv2%2Fcategories&post=255095"},{"taxonomy":"post_tag","embeddable":true,"href":"https:\/\/diariodominicano.com\/index.php?rest_route=%2Fwp%2Fv2%2Ftags&post=255095"}],"curies":[{"name":"wp","href":"https:\/\/api.w.org\/{rel}","templated":true}]}}