{"id":255094,"date":"2015-03-05T23:58:45","date_gmt":"2015-03-05T23:58:45","guid":{"rendered":"http:\/\/diariodominicano.ddns.net\/?p=255094"},"modified":"2015-03-05T23:58:45","modified_gmt":"2015-03-05T23:58:45","slug":"fallecio-a-las-200-de-la-tarde-hora-del-estado-estadounidense-de-un-infarto","status":"publish","type":"post","link":"https:\/\/diariodominicano.com\/?p=255094","title":{"rendered":"Falleci\u00f3 a las 2:00 de la tarde, hora del estado estadounidense, de un infarto"},"content":{"rendered":"<p><body><\/p>\n<p><img decoding=\"async\" src=\"img3\/cura 3.jpg\" \/>  <\/p>\n<p>Nueva York 6 marzo.- El cardenal de Nueva York, Edward Eagan, muri\u00f3 este jueves 5 de marzo de un paro card\u00edaco a los 82 a\u00f1os de edad, confirm\u00f3 la arquidi\u00f3cesis en un comunicado.<\/p>\n<\/p>\n<p>El m\u00e1s alto rango de la Iglesia cat\u00f3lica del estado neoyorquino falleci\u00f3 a las 2:20 de la tarde en el hospital (hora local) en el Centro M\u00e9dico Langone de la Universidad de Nuevas York (NYU), donde fue ingresado de emergencia.<\/p>\n<\/p>\n<p>Eagan fue trasladado desde la arquidi\u00f3cesis de Connecticut a Nueva York y fue arzobispo desde el 2000 al 2009.<\/p>\n<\/p>\n<p>Desempe\u00f1\u00f3 un importante papel de consolaci\u00f3n durante los brutales ataques del 11 de septiembre del 2001 y se le consider\u00f3 uno de los arzobispos m\u00e1s coloridos y liberales de los Estados Unidos.<\/p>\n<\/p>\n<p>Todos los a\u00f1os participaba en la misa dedicada a la Virgen de la Altagracia, patrona de la Rep\u00fablica Dominicana, en la catedral de San Patricio.<\/p>\n<\/p>\n<p>Aunque sus antecesores, John O\u00b4Connor y Timothy Dolan, se calificaban como m\u00e1s activos y agresivos, Eagan, se destac\u00f3 por ser algo m\u00e1s discreto y hac\u00eda apariciones en momentos claves en los medios de comunicaci\u00f3n.<\/p>\n<\/p>\n<p>Figur\u00f3 entre los candidatos a papa, cuando el \u00abHabemus Papa\u00bb decret\u00f3 la escogencia del, argentino Francisco I como l\u00edder de los cat\u00f3licos del mundo.<\/p>\n<\/p>\n<p>Dirig\u00eda a 2.5 millones de feligreses en el estado de Nueva York.<\/p>\n<\/p>\n<p>\u00abGracias a Dios que tuvo una muerte en paz y falleci\u00f3 despu\u00e9s de su almuerzo de hoy jueves 5 de marzo\u00bb, dijo el cardenal Dolan en un comunicado.<\/p>\n<\/p>\n<p>\u00ab\u00danete a m\u00ed, por favor, para dar gracias a Dios por su vida, especialmente su generoso y fiel sacerdocio\u00bb, a\u00f1ade el prelado.<\/p>\n<\/p>\n<p>Dolan explic\u00f3 que Eagan sufri\u00f3 el fulminante ataque al coraz\u00f3n en su residencia de la capilla Sagrados Corazones de Jes\u00fas y Mar\u00eda en Manhattan.<\/p>\n<h6> 2015-03-05 23:58:45 <\/h6>\n<p><!--\n<link rel=\"stylesheet\" href=\"css\/bootstrap.min.css\">\n\n\n<ul class=\"pagination\">\n\t    \n\t\n\n<li >\n\t<a href='?page_no=24738'>Previous<\/a>\n\t<\/li>\n\n\n       \n    \n\n<li><a href='?page_no=1'>1<\/a><\/li>\n\n\n\n<li><a href='?page_no=2'>2<\/a><\/li>\n\n\n\n<li><a>...<\/a><\/li>\n\n\n\n<li><a href='?page_no=24737'>24737<\/a><\/li>\n\n\n\n<li><a href='?page_no=24738'>24738<\/a><\/li>\n\n\n\n<li class='active'><a>24739<\/a><\/li>\n\n\n\n<li><a href='?page_no=24740'>24740<\/a><\/li>\n\n\n\n<li><a href='?page_no=24741'>24741<\/a><\/li>\n\n\n\n<li><a>...<\/a><\/li>\n\n\n\n<li><a href='?page_no=51012'>51012<\/a><\/li>\n\n\n\n<li><a href='?page_no=51013'>51013<\/a><\/li>\n\n    \n\t\n\n<li >\n\t<a href='?page_no=24740'>Next<\/a>\n\t<\/li>\n\n\n    \n\n<li><a href='?page_no=51013'>Last &rsaquo;&rsaquo;<\/a><\/li>\n\n<\/ul>\n\n\n--><br \/>\n<\/body><\/p>\n","protected":false},"excerpt":{"rendered":"<p>Nueva York 6 marzo.- El cardenal de Nueva York, Edward Eagan, muri\u00f3 este jueves 5 de marzo de un paro card\u00edaco a los 82 a\u00f1os de edad, confirm\u00f3 la arquidi\u00f3cesis en un comunicado. El m\u00e1s alto rango de la Iglesia cat\u00f3lica del estado neoyorquino falleci\u00f3 a las 2:20 de la tarde en el hospital (hora [&hellip;]<\/p>\n","protected":false},"author":3,"featured_media":0,"comment_status":"open","ping_status":"open","sticky":false,"template":"","format":"standard","meta":{"footnotes":""},"categories":[23],"tags":[],"class_list":["post-255094","post","type-post","status-publish","format-standard","hentry","category-internacional"],"_links":{"self":[{"href":"https:\/\/diariodominicano.com\/index.php?rest_route=\/wp\/v2\/posts\/255094","targetHints":{"allow":["GET"]}}],"collection":[{"href":"https:\/\/diariodominicano.com\/index.php?rest_route=\/wp\/v2\/posts"}],"about":[{"href":"https:\/\/diariodominicano.com\/index.php?rest_route=\/wp\/v2\/types\/post"}],"author":[{"embeddable":true,"href":"https:\/\/diariodominicano.com\/index.php?rest_route=\/wp\/v2\/users\/3"}],"replies":[{"embeddable":true,"href":"https:\/\/diariodominicano.com\/index.php?rest_route=%2Fwp%2Fv2%2Fcomments&post=255094"}],"version-history":[{"count":0,"href":"https:\/\/diariodominicano.com\/index.php?rest_route=\/wp\/v2\/posts\/255094\/revisions"}],"wp:attachment":[{"href":"https:\/\/diariodominicano.com\/index.php?rest_route=%2Fwp%2Fv2%2Fmedia&parent=255094"}],"wp:term":[{"taxonomy":"category","embeddable":true,"href":"https:\/\/diariodominicano.com\/index.php?rest_route=%2Fwp%2Fv2%2Fcategories&post=255094"},{"taxonomy":"post_tag","embeddable":true,"href":"https:\/\/diariodominicano.com\/index.php?rest_route=%2Fwp%2Fv2%2Ftags&post=255094"}],"curies":[{"name":"wp","href":"https:\/\/api.w.org\/{rel}","templated":true}]}}