{"id":255080,"date":"2015-03-08T12:10:47","date_gmt":"2015-03-08T12:10:47","guid":{"rendered":"http:\/\/diariodominicano.ddns.net\/?p=255080"},"modified":"2015-03-08T12:10:47","modified_gmt":"2015-03-08T12:10:47","slug":"el-papa-afirma-que-un-mundo-que-margina-a-las-mujeres-es-un-mundo-esteril","status":"publish","type":"post","link":"https:\/\/diariodominicano.com\/?p=255080","title":{"rendered":"&#13;El papa afirma que un mundo que margina a las mujeres es \u00abun mundo est\u00e9ril\u00bb"},"content":{"rendered":"<p><body><\/p>\n<p>MENSAJE<\/p>\n<p>El papa afirma que un mundo que margina a las mujeres es \u00abun mundo est\u00e9ril\u00bb<\/p>\n<p>EL OBISPO DE ROMA DEDIC\u00d3 UN ESPECIAL \u00abSALUDO A TODAS LAS MUJERES QUE CADA D\u00cdA BUSCAN CONSTRUIR UNA SOCIEDAD M\u00c1S HUMANA Y ACOGEDORA\u00bb<\/p>\n<\/p>\n<p>Noticias Relacionadas<\/p>\n<p>China detiene a activistas feministas de cara al D\u00eda de la Mujer<\/p>\n<p>Mujeres han estado en todas las batallas de los kurdos contra el EI en Siria<\/p>\n<\/p>\n<\/p>\n<p>Ciudad del Vaticano<\/p>\n<p>El papa Francisco destac\u00f3 hoy la importancia de la presencia de las mujeres en las sociedades actuales y afirm\u00f3 que un mundo en el que son marginadas \u00abes un mundo est\u00e9ril\u00bb, en el D\u00eda Internacional de la Mujer Trabajadora.<\/p>\n<\/p>\n<p>Durante su intervenci\u00f3n ante los fieles despu\u00e9s del rezo del \u00c1ngelus, Jorge Bergoglio se\u00f1al\u00f3 que este 8 de marzo supone la \u00abocasi\u00f3n para subrayar la importancia de las mujeres y la necesidad de su presencia en la vida\u00bb.<\/p>\n<\/p>\n<p>\u00abUn mundo en el que las mujeres son marginadas es un mundo est\u00e9ril porque las mujeres no solo dan la vida (&#8230;), sino que tienen la capacidad de entender el mundo con otros ojos y de sentir las cosas con coraz\u00f3n m\u00e1s creativo, m\u00e1s paciente y m\u00e1s tierno\u00bb, destac\u00f3 el pont\u00edfice desde la ventana del Palacio Apost\u00f3lico del Vaticano.<\/p>\n<\/p>\n<p>El obispo de Roma dedic\u00f3 un especial \u00absaludo a todas las mujeres que cada d\u00eda buscan construir una sociedad m\u00e1s humana y acogedora\u00bb y expres\u00f3 su agradecimiento a \u00abaquellas que, de distintos modos, testimonian el Evangelio y trabajan en la Iglesia\u00bb.<\/p>\n<h6> 2015-03-08 12:10:47 <\/h6>\n<p><!--\n<link rel=\"stylesheet\" href=\"css\/bootstrap.min.css\">\n\n\n<ul class=\"pagination\">\n\t    \n\t\n\n<li >\n\t<a href='?page_no=24724'>Previous<\/a>\n\t<\/li>\n\n\n       \n    \n\n<li><a href='?page_no=1'>1<\/a><\/li>\n\n\n\n<li><a href='?page_no=2'>2<\/a><\/li>\n\n\n\n<li><a>...<\/a><\/li>\n\n\n\n<li><a href='?page_no=24723'>24723<\/a><\/li>\n\n\n\n<li><a href='?page_no=24724'>24724<\/a><\/li>\n\n\n\n<li class='active'><a>24725<\/a><\/li>\n\n\n\n<li><a href='?page_no=24726'>24726<\/a><\/li>\n\n\n\n<li><a href='?page_no=24727'>24727<\/a><\/li>\n\n\n\n<li><a>...<\/a><\/li>\n\n\n\n<li><a href='?page_no=51012'>51012<\/a><\/li>\n\n\n\n<li><a href='?page_no=51013'>51013<\/a><\/li>\n\n    \n\t\n\n<li >\n\t<a href='?page_no=24726'>Next<\/a>\n\t<\/li>\n\n\n    \n\n<li><a href='?page_no=51013'>Last &rsaquo;&rsaquo;<\/a><\/li>\n\n<\/ul>\n\n\n--><br \/>\n<\/body><\/p>\n","protected":false},"excerpt":{"rendered":"<p>MENSAJE El papa afirma que un mundo que margina a las mujeres es \u00abun mundo est\u00e9ril\u00bb EL OBISPO DE ROMA DEDIC\u00d3 UN ESPECIAL \u00abSALUDO A TODAS LAS MUJERES QUE CADA D\u00cdA BUSCAN CONSTRUIR UNA SOCIEDAD M\u00c1S HUMANA Y ACOGEDORA\u00bb Noticias Relacionadas China detiene a activistas feministas de cara al D\u00eda de la Mujer Mujeres han [&hellip;]<\/p>\n","protected":false},"author":3,"featured_media":0,"comment_status":"open","ping_status":"open","sticky":false,"template":"","format":"standard","meta":{"footnotes":""},"categories":[23],"tags":[],"class_list":["post-255080","post","type-post","status-publish","format-standard","hentry","category-internacional"],"_links":{"self":[{"href":"https:\/\/diariodominicano.com\/index.php?rest_route=\/wp\/v2\/posts\/255080","targetHints":{"allow":["GET"]}}],"collection":[{"href":"https:\/\/diariodominicano.com\/index.php?rest_route=\/wp\/v2\/posts"}],"about":[{"href":"https:\/\/diariodominicano.com\/index.php?rest_route=\/wp\/v2\/types\/post"}],"author":[{"embeddable":true,"href":"https:\/\/diariodominicano.com\/index.php?rest_route=\/wp\/v2\/users\/3"}],"replies":[{"embeddable":true,"href":"https:\/\/diariodominicano.com\/index.php?rest_route=%2Fwp%2Fv2%2Fcomments&post=255080"}],"version-history":[{"count":0,"href":"https:\/\/diariodominicano.com\/index.php?rest_route=\/wp\/v2\/posts\/255080\/revisions"}],"wp:attachment":[{"href":"https:\/\/diariodominicano.com\/index.php?rest_route=%2Fwp%2Fv2%2Fmedia&parent=255080"}],"wp:term":[{"taxonomy":"category","embeddable":true,"href":"https:\/\/diariodominicano.com\/index.php?rest_route=%2Fwp%2Fv2%2Fcategories&post=255080"},{"taxonomy":"post_tag","embeddable":true,"href":"https:\/\/diariodominicano.com\/index.php?rest_route=%2Fwp%2Fv2%2Ftags&post=255080"}],"curies":[{"name":"wp","href":"https:\/\/api.w.org\/{rel}","templated":true}]}}