{"id":255079,"date":"2015-03-08T12:12:18","date_gmt":"2015-03-08T12:12:18","guid":{"rendered":"http:\/\/diariodominicano.ddns.net\/?p=255079"},"modified":"2015-03-08T12:12:18","modified_gmt":"2015-03-08T12:12:18","slug":"china-detiene-a-activistas-feministas-de-cara-al-dia-de-la-mujer","status":"publish","type":"post","link":"https:\/\/diariodominicano.com\/?p=255079","title":{"rendered":"&#13;China detiene a activistas feministas de cara al D\u00eda de la Mujer"},"content":{"rendered":"<p><body><\/p>\n<p>Pek\u00edn, China 8 marzo.- Las autoridades chinas han detenido a varias activistas feministas en Pek\u00edn y en la ciudad oriental de Cant\u00f3n y Hangzhou, entre ellas la directora de una ONG, de cara al D\u00eda de la Mujer que se celebra hoy.<\/p>\n<\/p>\n<p>En un comunicado enviado a Efe, la ONG china \u00abCentro de Mujeres\u00bb inform\u00f3 hoy de que la directora ejecutiva de esta organizaci\u00f3n, Wu Rongrong, ha sido detenida por la Polic\u00eda despu\u00e9s de que las autoridades registraran su apartamento el s\u00e1bado, y tras producirse hasta tres detenciones m\u00e1s de activistas en Pek\u00edn y la ciudad sure\u00f1a de Cant\u00f3n.<\/p>\n<\/p>\n<p>La oficina de la ONG tambi\u00e9n ha sido registrada por las autoridades, precisa el comunicado, sin dar m\u00e1s detalles.<\/p>\n<\/p>\n<p>Wu Rongrong, de 30 a\u00f1os de edad, es conocida en el pa\u00eds por sus campa\u00f1as para ayudar a prostitutas y prevenir el contagio del VIH.<\/p>\n<\/p>\n<p>Desde 2011, Wu se ha dedicado especialmente a intentar eliminar la discriminaci\u00f3n y violencia de g\u00e9nero en el pa\u00eds asi\u00e1tico, un grave problema en el pa\u00eds que sigue siendo tab\u00fa.<\/p>\n<\/p>\n<p>La ONG inform\u00f3 tambi\u00e9n de otras detenciones de colaboradoras como Li Tingting, m\u00e1s conocida por su pseud\u00f3nimo Li Maizi.<\/p>\n<\/p>\n<p>Li fue detenida en Pek\u00edn el d\u00eda 6 y a\u00fan no ha sido puesta en libertad, mientras que otra activista del sur del pa\u00eds, Zheng Churan, tambi\u00e9n se encuentra bajo arresto, inform\u00f3 la ONG.<\/p>\n<\/p>\n<p>Seg\u00fan organizaciones de derechos humanos, sus detenciones pueden estar vinculadas con algunas protestas que hab\u00edan estado organizando en relaci\u00f3n al D\u00eda de la Mujer, que se celebra hoy.<\/p>\n<\/p>\n<p>Organizaciones y activistas denuncian una mayor represi\u00f3n del Gobierno chino desde la llegada a la presidencia de Xi Jinping, que ha impulsado una mayor apertura del mercado pero ha restringido m\u00e1s las libertades de la poblaci\u00f3n, en especial, la de expresi\u00f3n.<\/p>\n<h6> 2015-03-08 12:12:18 <\/h6>\n<p><!--\n<link rel=\"stylesheet\" href=\"css\/bootstrap.min.css\">\n\n\n<ul class=\"pagination\">\n\t    \n\t\n\n<li >\n\t<a href='?page_no=24723'>Previous<\/a>\n\t<\/li>\n\n\n       \n    \n\n<li><a href='?page_no=1'>1<\/a><\/li>\n\n\n\n<li><a href='?page_no=2'>2<\/a><\/li>\n\n\n\n<li><a>...<\/a><\/li>\n\n\n\n<li><a href='?page_no=24722'>24722<\/a><\/li>\n\n\n\n<li><a href='?page_no=24723'>24723<\/a><\/li>\n\n\n\n<li class='active'><a>24724<\/a><\/li>\n\n\n\n<li><a href='?page_no=24725'>24725<\/a><\/li>\n\n\n\n<li><a href='?page_no=24726'>24726<\/a><\/li>\n\n\n\n<li><a>...<\/a><\/li>\n\n\n\n<li><a href='?page_no=51012'>51012<\/a><\/li>\n\n\n\n<li><a href='?page_no=51013'>51013<\/a><\/li>\n\n    \n\t\n\n<li >\n\t<a href='?page_no=24725'>Next<\/a>\n\t<\/li>\n\n\n    \n\n<li><a href='?page_no=51013'>Last &rsaquo;&rsaquo;<\/a><\/li>\n\n<\/ul>\n\n\n--><br \/>\n<\/body><\/p>\n","protected":false},"excerpt":{"rendered":"<p>Pek\u00edn, China 8 marzo.- Las autoridades chinas han detenido a varias activistas feministas en Pek\u00edn y en la ciudad oriental de Cant\u00f3n y Hangzhou, entre ellas la directora de una ONG, de cara al D\u00eda de la Mujer que se celebra hoy. En un comunicado enviado a Efe, la ONG china \u00abCentro de Mujeres\u00bb inform\u00f3 [&hellip;]<\/p>\n","protected":false},"author":3,"featured_media":0,"comment_status":"open","ping_status":"open","sticky":false,"template":"","format":"standard","meta":{"footnotes":""},"categories":[23],"tags":[],"class_list":["post-255079","post","type-post","status-publish","format-standard","hentry","category-internacional"],"_links":{"self":[{"href":"https:\/\/diariodominicano.com\/index.php?rest_route=\/wp\/v2\/posts\/255079","targetHints":{"allow":["GET"]}}],"collection":[{"href":"https:\/\/diariodominicano.com\/index.php?rest_route=\/wp\/v2\/posts"}],"about":[{"href":"https:\/\/diariodominicano.com\/index.php?rest_route=\/wp\/v2\/types\/post"}],"author":[{"embeddable":true,"href":"https:\/\/diariodominicano.com\/index.php?rest_route=\/wp\/v2\/users\/3"}],"replies":[{"embeddable":true,"href":"https:\/\/diariodominicano.com\/index.php?rest_route=%2Fwp%2Fv2%2Fcomments&post=255079"}],"version-history":[{"count":0,"href":"https:\/\/diariodominicano.com\/index.php?rest_route=\/wp\/v2\/posts\/255079\/revisions"}],"wp:attachment":[{"href":"https:\/\/diariodominicano.com\/index.php?rest_route=%2Fwp%2Fv2%2Fmedia&parent=255079"}],"wp:term":[{"taxonomy":"category","embeddable":true,"href":"https:\/\/diariodominicano.com\/index.php?rest_route=%2Fwp%2Fv2%2Fcategories&post=255079"},{"taxonomy":"post_tag","embeddable":true,"href":"https:\/\/diariodominicano.com\/index.php?rest_route=%2Fwp%2Fv2%2Ftags&post=255079"}],"curies":[{"name":"wp","href":"https:\/\/api.w.org\/{rel}","templated":true}]}}