{"id":255077,"date":"2015-03-08T15:26:55","date_gmt":"2015-03-08T15:26:55","guid":{"rendered":"http:\/\/diariodominicano.ddns.net\/?p=255077"},"modified":"2015-03-08T15:26:55","modified_gmt":"2015-03-08T15:26:55","slug":"se-adelanta-una-hora-al-reloj-en-eeuu-a-partir-de-este-domingo","status":"publish","type":"post","link":"https:\/\/diariodominicano.com\/?p=255077","title":{"rendered":"Se adelanta una hora al reloj en EEUU a partir de este domingo"},"content":{"rendered":"<p><body><\/p>\n<p><span class=\"text1noticias\">Por Ram\u00f3n Mercedes<\/span><\/p>\n<p><span class=\"text1noticias\"> <\/span><\/p>\n<p><span class=\"text1noticias\">Nueva York, EE.UU., 8 de marzo.-El horario de verano entr\u00f3 en vigor en los Estados Unidos al adelantarle una hora al reloj a partir de las 2:00 de la madrugada de este domingo, d\u00eda 8 de marzo. El cambio se hace con el prop\u00f3sito de aprovechar las horas de sol y luz natural al m\u00e1ximo y ahorrar energ\u00eda.<\/span><\/p>\n<p><span class=\"text1noticias\"> <\/span><\/p>\n<p><span class=\"text1noticias\">Ahora, entre la Rep\u00fablica Dominicana y EEUU primar\u00e1 la misma hora hasta el primero de noviembre de este a\u00f1o, cuando se retrasar\u00e1 nuevamente una hora al reloj en territorio norteamericano.<\/span><\/p>\n<p><span class=\"text1noticias\"> <\/span><\/p>\n<p><span class=\"text1noticias\">Esta es la primera se\u00f1al de que el final del invierno se acerca, ya que el pr\u00f3ximo s\u00e1bado d\u00eda 21 se inicia oficialmente la primavera, aunque el fr\u00edo y la nieve pueden seguir cayendo durante las primeras semanas de esa estaci\u00f3n del a\u00f1o en muchos estados. <\/span><\/p>\n<\/p>\n<p><span class=\"text1noticias\">Este horario fue propuesto por primera vez por Benjam\u00edn Franklin y posteriormente, en 1907, por William Willett, emple\u00e1ndose por primera vez en 1916, y a pesar de las controversias, muchos pa\u00edses lo vienen empleando desde entonces.<\/span><\/p>\n<p><span class=\"text1noticias\">\u00bfC\u00f3mo empez\u00f3 el cambio de hora?, Franklin (quien se tomaba muy enserio la frase de \u00abpronto a la cama para madrugar\u00bb), al parecer fue la primera persona en sugiri\u00f3 el concepto de ahorro de luz diurna, seg\u00fan el autor del libro Seize the Daylight: The Curious and Contentious Story of Daylight Saving Time,  David Prerau.<\/span><\/p>\n<p><span class=\"text1noticias\">Mientras desempe\u00f1aba su papel como embajador de los Estados Unidos en Francia, Franklin escribi\u00f3 que hab\u00eda sido despertado varias veces a las 6 de la ma\u00f1ana y se hab\u00eda dado cuenta de que el sol resplandec\u00eda antes de lo acostumbrado, d\u00e1ndose cuenta de la cantidad de aceite que se podr\u00eda ahorrar durante la noche si la gente se despertara antes para hacer sus tareas.<\/span><\/p>\n<\/p>\n<p><span class=\"text1noticias\">No fue hasta la primera Guerra Mundial cuando el cambio de horario se llev\u00f3 a gran escala. Alemania fue el primer pa\u00eds en aprobar el cambio de hora para reducir las horas de iluminaci\u00f3n artificial y as\u00ed ahorrar carb\u00f3n que podr\u00eda utilizarse en la guerra. Pronto amigos y enemigos siguieron su ejemplo.<\/span><\/p>\n<\/p>\n<p><span class=\"text1noticias\">Durante la Segunda Guerra Mundial los Estados Unidos oblig\u00f3 a todos los estados a establecer el horario de verano para el ahorro de energ\u00eda como una forma de guardar recursos durante la guerra, y no adopt\u00f3 una pol\u00edtica sobre el horario de verano hasta el a\u00f1o 1966, excepto en los estados de Arizona y Hawai.<\/span><\/p>\n<\/p>\n<p><span class=\"text1noticias\">En Arizona porque es uno de los lugares m\u00e1s c\u00e1lidos en el verano, y el aumento de las horas de luz aumentar\u00eda el uso de energ\u00eda de aparatos de aire acondicionado y sistemas de refrigeraci\u00f3n. En Hawai porque est\u00e1 m\u00e1s cerca del ecuador y no hay una gran variaci\u00f3n en las horas del d\u00eda entre el invierno y el verano.<\/span><\/p>\n<\/p>\n<p><span class=\"text1noticias\">Durante el embargo de petr\u00f3leo \u00e1rabe en  1973-74, los Estados Unidos volvi\u00f3 a establecer una vez m\u00e1s el horario de verano.  Treinta a\u00f1os m\u00e1s tarde se promulg\u00f3 la ley de pol\u00edtica energ\u00e9tica de 2005, que obliga a extender el horario de verano a partir de 2007<\/span>.<\/p>\n<h6> 2015-03-08 15:26:55 <\/h6>\n<p><!--\n<link rel=\"stylesheet\" href=\"css\/bootstrap.min.css\">\n\n\n<ul class=\"pagination\">\n\t    \n\t\n\n<li >\n\t<a href='?page_no=24721'>Previous<\/a>\n\t<\/li>\n\n\n       \n    \n\n<li><a href='?page_no=1'>1<\/a><\/li>\n\n\n\n<li><a href='?page_no=2'>2<\/a><\/li>\n\n\n\n<li><a>...<\/a><\/li>\n\n\n\n<li><a href='?page_no=24720'>24720<\/a><\/li>\n\n\n\n<li><a href='?page_no=24721'>24721<\/a><\/li>\n\n\n\n<li class='active'><a>24722<\/a><\/li>\n\n\n\n<li><a href='?page_no=24723'>24723<\/a><\/li>\n\n\n\n<li><a href='?page_no=24724'>24724<\/a><\/li>\n\n\n\n<li><a>...<\/a><\/li>\n\n\n\n<li><a href='?page_no=51012'>51012<\/a><\/li>\n\n\n\n<li><a href='?page_no=51013'>51013<\/a><\/li>\n\n    \n\t\n\n<li >\n\t<a href='?page_no=24723'>Next<\/a>\n\t<\/li>\n\n\n    \n\n<li><a href='?page_no=51013'>Last &rsaquo;&rsaquo;<\/a><\/li>\n\n<\/ul>\n\n\n--><br \/>\n<\/body><\/p>\n","protected":false},"excerpt":{"rendered":"<p>Por Ram\u00f3n Mercedes Nueva York, EE.UU., 8 de marzo.-El horario de verano entr\u00f3 en vigor en los Estados Unidos al adelantarle una hora al reloj a partir de las 2:00 de la madrugada de este domingo, d\u00eda 8 de marzo. El cambio se hace con el prop\u00f3sito de aprovechar las horas de sol y luz [&hellip;]<\/p>\n","protected":false},"author":3,"featured_media":0,"comment_status":"open","ping_status":"open","sticky":false,"template":"","format":"standard","meta":{"footnotes":""},"categories":[23],"tags":[],"class_list":["post-255077","post","type-post","status-publish","format-standard","hentry","category-internacional"],"_links":{"self":[{"href":"https:\/\/diariodominicano.com\/index.php?rest_route=\/wp\/v2\/posts\/255077","targetHints":{"allow":["GET"]}}],"collection":[{"href":"https:\/\/diariodominicano.com\/index.php?rest_route=\/wp\/v2\/posts"}],"about":[{"href":"https:\/\/diariodominicano.com\/index.php?rest_route=\/wp\/v2\/types\/post"}],"author":[{"embeddable":true,"href":"https:\/\/diariodominicano.com\/index.php?rest_route=\/wp\/v2\/users\/3"}],"replies":[{"embeddable":true,"href":"https:\/\/diariodominicano.com\/index.php?rest_route=%2Fwp%2Fv2%2Fcomments&post=255077"}],"version-history":[{"count":0,"href":"https:\/\/diariodominicano.com\/index.php?rest_route=\/wp\/v2\/posts\/255077\/revisions"}],"wp:attachment":[{"href":"https:\/\/diariodominicano.com\/index.php?rest_route=%2Fwp%2Fv2%2Fmedia&parent=255077"}],"wp:term":[{"taxonomy":"category","embeddable":true,"href":"https:\/\/diariodominicano.com\/index.php?rest_route=%2Fwp%2Fv2%2Fcategories&post=255077"},{"taxonomy":"post_tag","embeddable":true,"href":"https:\/\/diariodominicano.com\/index.php?rest_route=%2Fwp%2Fv2%2Ftags&post=255077"}],"curies":[{"name":"wp","href":"https:\/\/api.w.org\/{rel}","templated":true}]}}