{"id":255076,"date":"2015-03-08T21:28:59","date_gmt":"2015-03-08T21:28:59","guid":{"rendered":"http:\/\/diariodominicano.ddns.net\/?p=255076"},"modified":"2015-03-08T21:28:59","modified_gmt":"2015-03-08T21:28:59","slug":"bachelet-firma-creacion-del-ministerio-de-la-mujer-en-chile","status":"publish","type":"post","link":"https:\/\/diariodominicano.com\/?p=255076","title":{"rendered":"Bachelet firma creaci\u00f3n del Ministerio de la Mujer en Chile"},"content":{"rendered":"<p><body><\/p>\n<p><span class=\"text1noticias\">SANTIAGO, 8 mar (Xinhua) &#8212; La presidenta chilena Michelle Bachelet firm\u00f3 este domingo la ley que crea oficialmente el Ministerio para la Mujer y la Equidad de G\u00e9nero, en una significativa ceremonia en el marco de la celebraci\u00f3n de D\u00eda Internacional de la Mujer.<\/span><\/p>\n<\/p>\n<p><span class=\"text1noticias\">\u00abNos estamos poniendo las pilas (bater\u00edas) para asegurar que las mujeres de hoy, y sobre todo las ni\u00f1as, no tengan que esperar toda una vida para vivir en un mundo m\u00e1s justo\u00bb, dijo Bachelet, en un acto p\u00fablico en la Plaza de la Constituci\u00f3n, frente al Palacio de la Moneda.<\/span><\/p>\n<\/p>\n<p><span class=\"text1noticias\">La jefa de Estado agreg\u00f3 que \u00abhoy es un d\u00eda fundamental en este camino. Yo estoy feliz de que promulguemos, justamente en el D\u00eda Internacional de la Mujer, la Ley que crea el Ministerio para la Mujer y la Equidad de G\u00e9nero. Estamos dando as\u00ed un paso decisivo para las reivindicaciones de g\u00e9nero\u00bb.<\/span><\/p>\n<\/p>\n<p><span class=\"text1noticias\">La presidenta salud\u00f3 de esta forma el nacimiento de la nueva secretar\u00eda de Estado, que remplaza al Servicio Nacional de la Mujer.<\/span><\/p>\n<\/p>\n<p><span class=\"text1noticias\">La ceremonia cont\u00f3, adem\u00e1s, con la presencia de la ministra del Servicio Nacional de la Mujer (Sernam), Claudia Pascual y todo su gabinete ministerial.<\/span><\/p>\n<\/p>\n<p><span class=\"text1noticias\">El nuevo ministerio gestionar\u00e1 e implementar\u00e1 pol\u00edticas de equidad de g\u00e9nero que velar\u00e1n por que mujeres y hombres, independientemente de sus diferencias biol\u00f3gicas, accedan en igualdad de condiciones al uso, control y beneficio de los mismos bienes y servicios de la sociedad, as\u00ed como a la toma de decisiones en los \u00e1mbitos de la vida social, econ\u00f3mica, pol\u00edtica, cultural y familiar.<\/span><\/p>\n<\/p>\n<p><span class=\"text1noticias\">La nueva instituci\u00f3n tendr\u00e1 presencia en todas las regiones, y \u00able dar\u00e1 al Estado m\u00e1s y mejores herramientas para dar a esta lucha por la equidad la trascendencia que merece\u00bb, agreg\u00f3 Bachelet.<\/span><\/p>\n<\/p>\n<p><span class=\"text1noticias\"> La instalaci\u00f3n comienza desde ahora y se espera que en marzo de 2016 todas sus oficinas y reparticiones est\u00e9n funcionando a plenitud.<\/span><\/p>\n<\/p>\n<p><span class=\"text1noticias\">La nueva cartera deber\u00e1 tambi\u00e9n coordinar el trabajo del Comit\u00e9 Interministerial para la Equidad de G\u00e9nero, cuyo prop\u00f3sito es que, en los distintos programas del Gobierno, se adopte una perspectiva de g\u00e9nero.<\/span><\/p>\n<\/p>\n<p><span class=\"text1noticias\">\u00abCuando decimos m\u00e1s poder para la mujer, decimos tambi\u00e9n m\u00e1s oportunidades para sus hijos, m\u00e1s bienestar para sus familias, m\u00e1s ingresos para sus hogares, m\u00e1s justicia en la pareja, m\u00e1s equidad en la comunidad.<\/span><\/p>\n<\/p>\n<p><span class=\"text1noticias\">\u00abLa equidad ayuda a mejorar la vida de la familia entera. Eso se nota cuando la mujer vive con su pareja y ella puede contribuir con m\u00e1s ingresos, pero se nota mucho m\u00e1s en los hogares donde son ellas las que la llevan. Y no son pocos\u00bb, dijo la mandataria.<\/span><\/p>\n<h6> 2015-03-08 21:28:59 <\/h6>\n<p><!--\n<link rel=\"stylesheet\" href=\"css\/bootstrap.min.css\">\n\n\n<ul class=\"pagination\">\n\t    \n\t\n\n<li >\n\t<a href='?page_no=24720'>Previous<\/a>\n\t<\/li>\n\n\n       \n    \n\n<li><a href='?page_no=1'>1<\/a><\/li>\n\n\n\n<li><a href='?page_no=2'>2<\/a><\/li>\n\n\n\n<li><a>...<\/a><\/li>\n\n\n\n<li><a href='?page_no=24719'>24719<\/a><\/li>\n\n\n\n<li><a href='?page_no=24720'>24720<\/a><\/li>\n\n\n\n<li class='active'><a>24721<\/a><\/li>\n\n\n\n<li><a href='?page_no=24722'>24722<\/a><\/li>\n\n\n\n<li><a href='?page_no=24723'>24723<\/a><\/li>\n\n\n\n<li><a>...<\/a><\/li>\n\n\n\n<li><a href='?page_no=51012'>51012<\/a><\/li>\n\n\n\n<li><a href='?page_no=51013'>51013<\/a><\/li>\n\n    \n\t\n\n<li >\n\t<a href='?page_no=24722'>Next<\/a>\n\t<\/li>\n\n\n    \n\n<li><a href='?page_no=51013'>Last &rsaquo;&rsaquo;<\/a><\/li>\n\n<\/ul>\n\n\n--><br \/>\n<\/body><\/p>\n","protected":false},"excerpt":{"rendered":"<p>SANTIAGO, 8 mar (Xinhua) &#8212; La presidenta chilena Michelle Bachelet firm\u00f3 este domingo la ley que crea oficialmente el Ministerio para la Mujer y la Equidad de G\u00e9nero, en una significativa ceremonia en el marco de la celebraci\u00f3n de D\u00eda Internacional de la Mujer. \u00abNos estamos poniendo las pilas (bater\u00edas) para asegurar que las mujeres [&hellip;]<\/p>\n","protected":false},"author":3,"featured_media":0,"comment_status":"open","ping_status":"open","sticky":false,"template":"","format":"standard","meta":{"footnotes":""},"categories":[23],"tags":[],"class_list":["post-255076","post","type-post","status-publish","format-standard","hentry","category-internacional"],"_links":{"self":[{"href":"https:\/\/diariodominicano.com\/index.php?rest_route=\/wp\/v2\/posts\/255076","targetHints":{"allow":["GET"]}}],"collection":[{"href":"https:\/\/diariodominicano.com\/index.php?rest_route=\/wp\/v2\/posts"}],"about":[{"href":"https:\/\/diariodominicano.com\/index.php?rest_route=\/wp\/v2\/types\/post"}],"author":[{"embeddable":true,"href":"https:\/\/diariodominicano.com\/index.php?rest_route=\/wp\/v2\/users\/3"}],"replies":[{"embeddable":true,"href":"https:\/\/diariodominicano.com\/index.php?rest_route=%2Fwp%2Fv2%2Fcomments&post=255076"}],"version-history":[{"count":0,"href":"https:\/\/diariodominicano.com\/index.php?rest_route=\/wp\/v2\/posts\/255076\/revisions"}],"wp:attachment":[{"href":"https:\/\/diariodominicano.com\/index.php?rest_route=%2Fwp%2Fv2%2Fmedia&parent=255076"}],"wp:term":[{"taxonomy":"category","embeddable":true,"href":"https:\/\/diariodominicano.com\/index.php?rest_route=%2Fwp%2Fv2%2Fcategories&post=255076"},{"taxonomy":"post_tag","embeddable":true,"href":"https:\/\/diariodominicano.com\/index.php?rest_route=%2Fwp%2Fv2%2Ftags&post=255076"}],"curies":[{"name":"wp","href":"https:\/\/api.w.org\/{rel}","templated":true}]}}