{"id":255074,"date":"2015-03-09T12:41:51","date_gmt":"2015-03-09T12:41:51","guid":{"rendered":"http:\/\/diariodominicano.ddns.net\/?p=255074"},"modified":"2015-03-09T12:41:51","modified_gmt":"2015-03-09T12:41:51","slug":"estados-unidos-ofrece-5-millones-de-dolares-por-exagente-del-fbi-desaparecido-en-iran","status":"publish","type":"post","link":"https:\/\/diariodominicano.com\/?p=255074","title":{"rendered":"Estados Unidos ofrece 5 millones de d\u00f3lares por exagente del FBI desaparecido en Ir\u00e1n"},"content":{"rendered":"<p><body><\/p>\n<p><img decoding=\"async\" src=\"img3\/image 2.jpg\" \/><br \/><img decoding=\"async\" src=\"img3\/image 3.jpg\" \/><br \/><img decoding=\"async\" src=\"img3\/imagen 4.jpg\" \/>  <\/p>\n<p>Washington, DC 9 marzo .- Estados Unidos anunci\u00f3 hoy que ha elevado hasta los 5 millones de d\u00f3lares su recompensa por informaci\u00f3n relacionada con el paradero de Robert Levinson, un exagente del FBI desaparecido en Ir\u00e1n hace ocho a\u00f1os, y pidi\u00f3 al Gobierno iran\u00ed hacer esfuerzos para su liberaci\u00f3n.<\/p>\n<\/p>\n<p>Con motivo del octavo aniversario de la desaparici\u00f3n de Levinson el 9 de marzo de 2007, el Bur\u00f3 Federal de Investigaciones (FBI) quintuplic\u00f3 la recompensa que ofrece por Levinson, que hasta ahora era de un mill\u00f3n de d\u00f3lares.<\/p>\n<\/p>\n<p>\u00abHoy se cumplen ocho a\u00f1os desde que Bob (Levinson) desapareci\u00f3n en Ir\u00e1n, y hemos aumentado la recompensa por (informaci\u00f3n sobre) su localizaci\u00f3n (que permita) su regreso seguro a casa. Pedimos a cualquiera que tenga informaci\u00f3n que contacte al FBI\u00bb, dijo el director del FBI, James Comey, en un comunicado.<\/p>\n<\/p>\n<p>El FBI ofrec\u00eda una recompensa de un mill\u00f3n de d\u00f3lares por Levinson desde marzo de 2012, cuando se cumplieron cinco a\u00f1os desde su desaparici\u00f3n en la isla iran\u00ed de Kish.<\/p>\n<\/p>\n<p>Seg\u00fan algunos medios estadounidenses, Levinson trabajaba informalmente para la agencia de inteligencia CIA, por lo que hay rumores de que pudo haber sido capturado por los servicios secretos iran\u00edes, pero Teher\u00e1n nunca ha reconocido mantenerlo detenido y ha manifestado que desconoce su paradero.<\/p>\n<\/p>\n<p>El secretario de Estado de EEUU, John Kerry, volvi\u00f3 a instar hoy a Ir\u00e1n a \u00abcooperar\u00bb con Washington \u00aben la investigaci\u00f3n sobre la desaparici\u00f3n\u00bb de Levinson \u00abpara asegurar que regresa sano y salvo\u00bb a su casa.<\/p>\n<\/p>\n<p>Levinson, que cumplir\u00eda este mes 67 a\u00f1os, \u00abha pasado m\u00e1s de 2.900 d\u00edas separado de aquellos que le quieren, y es uno de los ciudadanos estadounidenses secuestrados durante m\u00e1s tiempo en la historia\u00bb de EEUU, dijo Kerry en un comunicado.<\/p>\n<\/p>\n<p>\u00abA\u00f1o tras a\u00f1o, su familia ha sufrido el dolor de su ausencia. Es hora de que vuelva a casa\u00bb, afirm\u00f3 el jefe de la diplomacia estadounidense.<\/p>\n<\/p>\n<p>El secretario de Estado se mostr\u00f3 adem\u00e1s \u00abpreocupado por la salud de Levinson, dada su edad y la duraci\u00f3n de su desaparici\u00f3n\u00bb.<\/p>\n<\/p>\n<p>Adem\u00e1s de pedir la cooperaci\u00f3n de Teher\u00e1n en el caso de Levinson, Estados Unidos tambi\u00e9n insta a Ir\u00e1n a liberar al periodista del diario \u00abThe Washington Post\u00bb Jason Rezaian, detenido en julio de 2014.<\/p>\n<\/p>\n<p>Igualmente, EEUU exige la liberaci\u00f3n de Amir Hekmat\u00ed, un exmarine estadounidense de origen iran\u00ed acusado de espionaje que lleva encarcelado m\u00e1s de tres a\u00f1os; y del pastor estadounidense tambi\u00e9n de origen iran\u00ed Saeed Abedini, detenido desde septiembre de 2012.<\/p>\n<\/p>\n<h6> 2015-03-09 12:41:51 <\/h6>\n<p><!--\n<link rel=\"stylesheet\" href=\"css\/bootstrap.min.css\">\n\n\n<ul class=\"pagination\">\n\t    \n\t\n\n<li >\n\t<a href='?page_no=24718'>Previous<\/a>\n\t<\/li>\n\n\n       \n    \n\n<li><a href='?page_no=1'>1<\/a><\/li>\n\n\n\n<li><a href='?page_no=2'>2<\/a><\/li>\n\n\n\n<li><a>...<\/a><\/li>\n\n\n\n<li><a href='?page_no=24717'>24717<\/a><\/li>\n\n\n\n<li><a href='?page_no=24718'>24718<\/a><\/li>\n\n\n\n<li class='active'><a>24719<\/a><\/li>\n\n\n\n<li><a href='?page_no=24720'>24720<\/a><\/li>\n\n\n\n<li><a href='?page_no=24721'>24721<\/a><\/li>\n\n\n\n<li><a>...<\/a><\/li>\n\n\n\n<li><a href='?page_no=51012'>51012<\/a><\/li>\n\n\n\n<li><a href='?page_no=51013'>51013<\/a><\/li>\n\n    \n\t\n\n<li >\n\t<a href='?page_no=24720'>Next<\/a>\n\t<\/li>\n\n\n    \n\n<li><a href='?page_no=51013'>Last &rsaquo;&rsaquo;<\/a><\/li>\n\n<\/ul>\n\n\n--><br \/>\n<\/body><\/p>\n","protected":false},"excerpt":{"rendered":"<p>Washington, DC 9 marzo .- Estados Unidos anunci\u00f3 hoy que ha elevado hasta los 5 millones de d\u00f3lares su recompensa por informaci\u00f3n relacionada con el paradero de Robert Levinson, un exagente del FBI desaparecido en Ir\u00e1n hace ocho a\u00f1os, y pidi\u00f3 al Gobierno iran\u00ed hacer esfuerzos para su liberaci\u00f3n. Con motivo del octavo aniversario de [&hellip;]<\/p>\n","protected":false},"author":3,"featured_media":0,"comment_status":"open","ping_status":"open","sticky":false,"template":"","format":"standard","meta":{"footnotes":""},"categories":[23],"tags":[],"class_list":["post-255074","post","type-post","status-publish","format-standard","hentry","category-internacional"],"_links":{"self":[{"href":"https:\/\/diariodominicano.com\/index.php?rest_route=\/wp\/v2\/posts\/255074","targetHints":{"allow":["GET"]}}],"collection":[{"href":"https:\/\/diariodominicano.com\/index.php?rest_route=\/wp\/v2\/posts"}],"about":[{"href":"https:\/\/diariodominicano.com\/index.php?rest_route=\/wp\/v2\/types\/post"}],"author":[{"embeddable":true,"href":"https:\/\/diariodominicano.com\/index.php?rest_route=\/wp\/v2\/users\/3"}],"replies":[{"embeddable":true,"href":"https:\/\/diariodominicano.com\/index.php?rest_route=%2Fwp%2Fv2%2Fcomments&post=255074"}],"version-history":[{"count":0,"href":"https:\/\/diariodominicano.com\/index.php?rest_route=\/wp\/v2\/posts\/255074\/revisions"}],"wp:attachment":[{"href":"https:\/\/diariodominicano.com\/index.php?rest_route=%2Fwp%2Fv2%2Fmedia&parent=255074"}],"wp:term":[{"taxonomy":"category","embeddable":true,"href":"https:\/\/diariodominicano.com\/index.php?rest_route=%2Fwp%2Fv2%2Fcategories&post=255074"},{"taxonomy":"post_tag","embeddable":true,"href":"https:\/\/diariodominicano.com\/index.php?rest_route=%2Fwp%2Fv2%2Ftags&post=255074"}],"curies":[{"name":"wp","href":"https:\/\/api.w.org\/{rel}","templated":true}]}}