{"id":255070,"date":"2015-03-09T13:49:25","date_gmt":"2015-03-09T13:49:25","guid":{"rendered":"http:\/\/diariodominicano.ddns.net\/?p=255070"},"modified":"2015-03-09T13:49:25","modified_gmt":"2015-03-09T13:49:25","slug":"base-militarobjetivo-mas-reciente-de-sobrevuelo-de-drones-en-francia","status":"publish","type":"post","link":"https:\/\/diariodominicano.com\/?p=255070","title":{"rendered":"&#13;&#13;Base militar:objetivo m\u00e1s reciente de sobrevuelo de drones en Francia"},"content":{"rendered":"<p><body><\/p>\n<p><img decoding=\"async\" src=\"img3\/drones-usa.jpg\" \/>  <\/p>\n<\/p>\n<\/p>\n<p>Par\u00eds, 9 mar (PL) Una instalaci\u00f3n militar francesa es el objetivo m\u00e1s reciente de los sobrevuelos por drones, un hecho cada vez m\u00e1s frecuente en este pa\u00eds, informaron hoy medios locales de prensa.<\/p>\n<\/p>\n<p>Se trata de una base de Seine-Port que alberga un centro de comunicaciones de la Marina. En el sitio hay varias antenas, algunas de m\u00e1s de 200 metros de altura, encargadas de establecer comunicaci\u00f3n con los submarinos galos en misi\u00f3n.<\/p>\n<\/p>\n<p>El lugar se ubica en la regi\u00f3n de Isla de Francia donde est\u00e1 la capital. La Gendarmer\u00eda de Transporte A\u00e9reo tiene a su cargo la investigaci\u00f3n de lo sucedido.<\/p>\n<\/p>\n<p>Acorde con datos del Ministro del Interior, desde el pasado 5 de octubre se han detectado 60 sobrevuelos de drones en \u00e1reas que tienen prohibidas, como centrales nucleares y zonas urbanas como Par\u00eds.<\/p>\n<\/p>\n<p>Mientras, pululan las interrogantes en torno a c\u00f3mo es posible que varios meses despu\u00e9s las investigaciones no hayan arrojado pistas concretas.<\/p>\n<\/p>\n<p>El titular de esa cartera, Bernard Cazeneuve, se\u00f1al\u00f3 que para enfrentar los hechos se han adoptado medidas preventivas como informar a los compradores de drones de las limitaciones que tienen y de que, si las incumplen, se exponen a penas endurecidas que pueden llegar a un a\u00f1o de prisi\u00f3n y 75 mil euros de multa.<\/p>\n<\/p>\n<p>Cazeneuve se pronunci\u00f3 a favor de nuevas disposiciones de car\u00e1cter jur\u00eddico y de una modificaci\u00f3n de la directiva europea sobre estos artefactos, para lo cual concedi\u00f3 gran importancia a la cooperaci\u00f3n en este continente y a nivel internacional.<\/p>\n<\/p>\n<p>Igualmente mencion\u00f3 otro tipo de disposiciones como la introducci\u00f3n de chips que hagan detectables los drones o dispositivos de anulaci\u00f3n de la se\u00f1al que permitan impedirles el vuelo en zonas prohibidas.<\/p>\n<\/p>\n<p>Entretanto, el tema de la seguridad de las centrales nucleares en Francia persiste con notificaciones frecuentes de acercamientos de aeronaves en algunas plantas, lo cual est\u00e1 prohibido en un per\u00edmetro de cinco kil\u00f3metros y mil metros de altitud.<\/p>\n<\/p>\n<p>La violaci\u00f3n de estas regulaciones provoca preocupaci\u00f3n pues a\u00fan no hay claridad en cuanto a qui\u00e9n est\u00e1 detr\u00e1s de estas acciones y cu\u00e1les son sus prop\u00f3sitos.<\/p>\n<\/p>\n<p>Francia tiene 58 reactores distribuidos en 19 centrales, los cuales generan el 75 por ciento de la electricidad consumida en la naci\u00f3n.<\/p>\n<\/p>\n<p>Algunas de ellas est\u00e1n ya en el l\u00edmite de su vida \u00fatil, como la de Fessenheim, construida cerca de la frontera con Alemania, y sin embargo se mantienen en explotaci\u00f3n.<\/p>\n<h6> 2015-03-09 13:49:25 <\/h6>\n<p><!--\n<link rel=\"stylesheet\" href=\"css\/bootstrap.min.css\">\n\n\n<ul class=\"pagination\">\n\t    \n\t\n\n<li >\n\t<a href='?page_no=24714'>Previous<\/a>\n\t<\/li>\n\n\n       \n    \n\n<li><a href='?page_no=1'>1<\/a><\/li>\n\n\n\n<li><a href='?page_no=2'>2<\/a><\/li>\n\n\n\n<li><a>...<\/a><\/li>\n\n\n\n<li><a href='?page_no=24713'>24713<\/a><\/li>\n\n\n\n<li><a href='?page_no=24714'>24714<\/a><\/li>\n\n\n\n<li class='active'><a>24715<\/a><\/li>\n\n\n\n<li><a href='?page_no=24716'>24716<\/a><\/li>\n\n\n\n<li><a href='?page_no=24717'>24717<\/a><\/li>\n\n\n\n<li><a>...<\/a><\/li>\n\n\n\n<li><a href='?page_no=51012'>51012<\/a><\/li>\n\n\n\n<li><a href='?page_no=51013'>51013<\/a><\/li>\n\n    \n\t\n\n<li >\n\t<a href='?page_no=24716'>Next<\/a>\n\t<\/li>\n\n\n    \n\n<li><a href='?page_no=51013'>Last &rsaquo;&rsaquo;<\/a><\/li>\n\n<\/ul>\n\n\n--><br \/>\n<\/body><\/p>\n","protected":false},"excerpt":{"rendered":"<p>Par\u00eds, 9 mar (PL) Una instalaci\u00f3n militar francesa es el objetivo m\u00e1s reciente de los sobrevuelos por drones, un hecho cada vez m\u00e1s frecuente en este pa\u00eds, informaron hoy medios locales de prensa. Se trata de una base de Seine-Port que alberga un centro de comunicaciones de la Marina. En el sitio hay varias antenas, [&hellip;]<\/p>\n","protected":false},"author":3,"featured_media":0,"comment_status":"open","ping_status":"open","sticky":false,"template":"","format":"standard","meta":{"footnotes":""},"categories":[23],"tags":[],"class_list":["post-255070","post","type-post","status-publish","format-standard","hentry","category-internacional"],"_links":{"self":[{"href":"https:\/\/diariodominicano.com\/index.php?rest_route=\/wp\/v2\/posts\/255070","targetHints":{"allow":["GET"]}}],"collection":[{"href":"https:\/\/diariodominicano.com\/index.php?rest_route=\/wp\/v2\/posts"}],"about":[{"href":"https:\/\/diariodominicano.com\/index.php?rest_route=\/wp\/v2\/types\/post"}],"author":[{"embeddable":true,"href":"https:\/\/diariodominicano.com\/index.php?rest_route=\/wp\/v2\/users\/3"}],"replies":[{"embeddable":true,"href":"https:\/\/diariodominicano.com\/index.php?rest_route=%2Fwp%2Fv2%2Fcomments&post=255070"}],"version-history":[{"count":0,"href":"https:\/\/diariodominicano.com\/index.php?rest_route=\/wp\/v2\/posts\/255070\/revisions"}],"wp:attachment":[{"href":"https:\/\/diariodominicano.com\/index.php?rest_route=%2Fwp%2Fv2%2Fmedia&parent=255070"}],"wp:term":[{"taxonomy":"category","embeddable":true,"href":"https:\/\/diariodominicano.com\/index.php?rest_route=%2Fwp%2Fv2%2Fcategories&post=255070"},{"taxonomy":"post_tag","embeddable":true,"href":"https:\/\/diariodominicano.com\/index.php?rest_route=%2Fwp%2Fv2%2Ftags&post=255070"}],"curies":[{"name":"wp","href":"https:\/\/api.w.org\/{rel}","templated":true}]}}