{"id":255069,"date":"2015-03-09T13:55:28","date_gmt":"2015-03-09T13:55:28","guid":{"rendered":"http:\/\/diariodominicano.ddns.net\/?p=255069"},"modified":"2015-03-09T13:55:28","modified_gmt":"2015-03-09T13:55:28","slug":"progreso-y-desafios-de-igualdad-de-genero-a-debate-en-onu","status":"publish","type":"post","link":"https:\/\/diariodominicano.com\/?p=255069","title":{"rendered":"&#13;&#13;&#13;Progreso y desaf\u00edos de igualdad de g\u00e9nero a debate en ONU"},"content":{"rendered":"<p><body><\/p>\n<p><img decoding=\"async\" src=\"img3\/edificio-onu.jpg\" \/>  <\/p>\n<p><span class=\"text1noticias\">\t\t\t<\/span><\/p>\n<p><span class=\"text1noticias\">  <\/span><\/p>\n<\/p>\n<p><span class=\"text1noticias\">Naciones Unidas, 9 mar (PL) La Comisi\u00f3n sobre el Estatuto de la Mujer instala hoy aqu\u00ed su 69 Sesi\u00f3n con un programa que incluye el an\u00e1lisis de los progresos y desaf\u00edos en materia de igualdad de g\u00e9nero y empoderamiento de las f\u00e9minas.<\/span><\/p>\n<\/p>\n<p><span class=\"text1noticias\">El principal foro anual del \u00f3rgano creado en junio de 1946 sesionar\u00e1 hasta el 20 de marzo, jornadas en las cuales evaluar\u00e1 el cumplimiento de la Declaraci\u00f3n y la Plataforma de Acci\u00f3n de Beijing, mecanismos establecidos hace dos d\u00e9cadas para avanzar hacia el fin de la discriminaci\u00f3n de las mujeres.<\/span><\/p>\n<\/p>\n<p><span class=\"text1noticias\">Durante el d\u00eda inaugural, se elegir\u00e1n a miembros de la junta directiva de la Comisi\u00f3n, con los diplom\u00e1ticos Kanda Vajrabhaya (Tailandia) y Rub\u00e9n Ignacio Zamora Rivas (El Salvador) como aspirantes a la presidencia y una de las vicepresidencias, respectivamente.<\/span><\/p>\n<\/p>\n<p><span class=\"text1noticias\">Asimismo, se definir\u00e1 la agenda de trabajo del \u00f3rgano integrante del Consejo Econ\u00f3mico y Social de Naciones Unidas.<\/span><\/p>\n<\/p>\n<p><span class=\"text1noticias\">Seg\u00fan ONU-Mujer, este a\u00f1o participar\u00e1n en el foro intergubernamental una cifra r\u00e9cord de mil 100 organizaciones no gubernamentales y ocho mil 600 delegados.<\/span><\/p>\n<\/p>\n<p><span class=\"text1noticias\">La 59 Sesi\u00f3n se enmarca en el 20 aniversario de la Cuarta Conferencia Mundial sobre la Mujer, celebrada en Beijing, donde fueron identificadas 12 prioridades para la igualdad de g\u00e9nero y el empoderamiento de las f\u00e9minas.<\/span><\/p>\n<\/p>\n<p><span class=\"text1noticias\">El combate a la pobreza y la violencia, el acceso a la educaci\u00f3n y la salud, y la participaci\u00f3n pol\u00edtica, econ\u00f3mica y social, sobresalen entre los aspectos clave se\u00f1alados entonces.<\/span><\/p>\n<\/p>\n<p><span class=\"text1noticias\">Para el trabajo del \u00f3rgano especializado, el secretario general de la ONU, Ban Ki-moon, elabor\u00f3 un reporte sobre el cumplimiento de la Declaraci\u00f3n y la Plataforma de Acci\u00f3n derivadas del encuentro de 1995 en la capital china.<\/span><\/p>\n<\/p>\n<p><span class=\"text1noticias\">De acuerdo con Naciones Unidas, pese a los progresos alcanzados, resta mucho camino por recorrer de cara al fin de la discriminaci\u00f3n.<\/span><\/p>\n<\/p>\n<p><span class=\"text1noticias\">Entre los avances destacan la disminuci\u00f3n un 45 por ciento de la mortalidad materna, y la creciente asistencia a clases de las ni\u00f1as, muchas completando la educaci\u00f3n b\u00e1sica e ingresando a niveles superiores de ense\u00f1anza.<\/span><\/p>\n<\/p>\n<p><span class=\"text1noticias\">Tambi\u00e9n el hecho de que dos d\u00e9cadas atr\u00e1s, apenas cuatro de cada 10 f\u00e9minas ten\u00eda empleo remunerado y asalariado, mientras hoy casi la mitad disfrutan de ese derecho.<\/span><\/p>\n<\/p>\n<p><span class=\"text1noticias\">Son logros indudables, pero resulta decepcionante que hoy no estemos en una mejor situaci\u00f3n, advirti\u00f3 la directora ejecutiva de ONU-Mujer, Phumzile Mlambo-Ngcuka, quien en una declaraci\u00f3n emitida la v\u00edspera record\u00f3 la violencia, la falta de oportunidades econ\u00f3micas y la escasa participaci\u00f3n pol\u00edtica que sufren.<\/span><\/p>\n<\/p>\n<p><span class=\"text1noticias\">En 2015, solo tenemos 19 jefas de Estado o de Gobierno, mientras ocho de cada 10 parlamentarios en el planeta todav\u00eda son hombres, ilustr\u00f3.<\/span><\/p>\n<\/p>\n<p><span class=\"text1noticias\">Para Mlambo-Ngcuka, lleg\u00f3 el momento de alcanzar la igualdad de g\u00e9nero y el empoderamiento de las f\u00e9minas, tras siglos de discriminaci\u00f3n.<\/span><\/p>\n<\/p>\n<p><span class=\"text1noticias\">\u00abQu\u00e9 clase de mundo es \u00e9ste que condena a la mitad de su poblaci\u00f3n a una condici\u00f3n de ciudadan\u00eda de segunda clase en el mejor de los casos y a la esclavitud absoluta en el peor de ellos? \u00bfCu\u00e1nto costar\u00eda en realidad liberar el potencial de las mujeres?\u00bb, pregunt\u00f3.<\/span><\/p>\n<\/p>\n<h6> 2015-03-09 13:55:28 <\/h6>\n<p><!--\n<link rel=\"stylesheet\" href=\"css\/bootstrap.min.css\">\n\n\n<ul class=\"pagination\">\n\t    \n\t\n\n<li >\n\t<a href='?page_no=24713'>Previous<\/a>\n\t<\/li>\n\n\n       \n    \n\n<li><a href='?page_no=1'>1<\/a><\/li>\n\n\n\n<li><a href='?page_no=2'>2<\/a><\/li>\n\n\n\n<li><a>...<\/a><\/li>\n\n\n\n<li><a href='?page_no=24712'>24712<\/a><\/li>\n\n\n\n<li><a href='?page_no=24713'>24713<\/a><\/li>\n\n\n\n<li class='active'><a>24714<\/a><\/li>\n\n\n\n<li><a href='?page_no=24715'>24715<\/a><\/li>\n\n\n\n<li><a href='?page_no=24716'>24716<\/a><\/li>\n\n\n\n<li><a>...<\/a><\/li>\n\n\n\n<li><a href='?page_no=51012'>51012<\/a><\/li>\n\n\n\n<li><a href='?page_no=51013'>51013<\/a><\/li>\n\n    \n\t\n\n<li >\n\t<a href='?page_no=24715'>Next<\/a>\n\t<\/li>\n\n\n    \n\n<li><a href='?page_no=51013'>Last &rsaquo;&rsaquo;<\/a><\/li>\n\n<\/ul>\n\n\n--><br \/>\n<\/body><\/p>\n","protected":false},"excerpt":{"rendered":"<p>Naciones Unidas, 9 mar (PL) La Comisi\u00f3n sobre el Estatuto de la Mujer instala hoy aqu\u00ed su 69 Sesi\u00f3n con un programa que incluye el an\u00e1lisis de los progresos y desaf\u00edos en materia de igualdad de g\u00e9nero y empoderamiento de las f\u00e9minas. El principal foro anual del \u00f3rgano creado en junio de 1946 sesionar\u00e1 hasta [&hellip;]<\/p>\n","protected":false},"author":3,"featured_media":0,"comment_status":"open","ping_status":"open","sticky":false,"template":"","format":"standard","meta":{"footnotes":""},"categories":[23],"tags":[],"class_list":["post-255069","post","type-post","status-publish","format-standard","hentry","category-internacional"],"_links":{"self":[{"href":"https:\/\/diariodominicano.com\/index.php?rest_route=\/wp\/v2\/posts\/255069","targetHints":{"allow":["GET"]}}],"collection":[{"href":"https:\/\/diariodominicano.com\/index.php?rest_route=\/wp\/v2\/posts"}],"about":[{"href":"https:\/\/diariodominicano.com\/index.php?rest_route=\/wp\/v2\/types\/post"}],"author":[{"embeddable":true,"href":"https:\/\/diariodominicano.com\/index.php?rest_route=\/wp\/v2\/users\/3"}],"replies":[{"embeddable":true,"href":"https:\/\/diariodominicano.com\/index.php?rest_route=%2Fwp%2Fv2%2Fcomments&post=255069"}],"version-history":[{"count":0,"href":"https:\/\/diariodominicano.com\/index.php?rest_route=\/wp\/v2\/posts\/255069\/revisions"}],"wp:attachment":[{"href":"https:\/\/diariodominicano.com\/index.php?rest_route=%2Fwp%2Fv2%2Fmedia&parent=255069"}],"wp:term":[{"taxonomy":"category","embeddable":true,"href":"https:\/\/diariodominicano.com\/index.php?rest_route=%2Fwp%2Fv2%2Fcategories&post=255069"},{"taxonomy":"post_tag","embeddable":true,"href":"https:\/\/diariodominicano.com\/index.php?rest_route=%2Fwp%2Fv2%2Ftags&post=255069"}],"curies":[{"name":"wp","href":"https:\/\/api.w.org\/{rel}","templated":true}]}}