{"id":255067,"date":"2015-03-09T14:09:27","date_gmt":"2015-03-09T14:09:27","guid":{"rendered":"http:\/\/diariodominicano.ddns.net\/?p=255067"},"modified":"2015-03-09T14:09:27","modified_gmt":"2015-03-09T14:09:27","slug":"demanda-eln-a-ee-uu-asumir-compromiso-con-proceso-paz-colombiano","status":"publish","type":"post","link":"https:\/\/diariodominicano.com\/?p=255067","title":{"rendered":"&#13;&#13;Demanda ELN a EE.UU. asumir compromiso con proceso paz colombiano"},"content":{"rendered":"<p><body><\/p>\n<p><span class=\"text1noticias\">\t\t<\/span><\/p>\n<\/p>\n<p><span class=\"text1noticias\">Bogot\u00e1, 9 mar (PL) El movimiento insurgente Ej\u00e9rcito de Liberaci\u00f3n Nacional (ELN) demand\u00f3 a Estados Unidos asumir compromisos con el proceso de paz en Colombia, como responsable directo del conflicto armado, afirma un comunicado difundido hoy en esta capital.<\/span><\/p>\n<\/p>\n<p><span class=\"text1noticias\">El texto, reproducido en los espacios informativos vespertinos nacionales, a\u00f1ade que el ELN saluda la decisi\u00f3n del presidente Barack Obama de nombrar a Bernard Aronson como enviado estadounidense para seguir el di\u00e1logo entre el gobierno y las FARC-EP.<\/span><\/p>\n<\/p>\n<p><span class=\"text1noticias\">A rengl\u00f3n seguido se\u00f1ala, sin embargo, que su papel no puede quedarse en ser un inocente observador, un ilustrado asesor o un feliz componedor, ni mucho menos pretender ser el juez imparcial, sino que debe estar en la mesa como directo responsable de la guerra y sus desastres.<\/span><\/p>\n<\/p>\n<p><span class=\"text1noticias\">El movimiento insurgente agrega que Washington tiene que asumir compromisos encaminados a reconstruir una Colombia en paz.<\/span><\/p>\n<\/p>\n<p><span class=\"text1noticias\">El ELN sostiene que Aronson posee una gran experiencia en los procesos de paz de Nicaragua y El Salvador, en tanto considera que la Casa Blanca tiene la obligaci\u00f3n de asumir los graves costos de su pol\u00edtica militarista y comprometerse con la paz mundial.<\/span><\/p>\n<\/p>\n<p><span class=\"text1noticias\">La guerra que ha padecido Colombia en los \u00faltimos setenta a\u00f1os, incluso el asesinato del entonces l\u00edder pol\u00edtico Jorge Eliecer Gait\u00e1n, ha estado determinada por las directrices estadounidenses, subraya el texto del movimiento guerrillero.<\/span><\/p>\n<\/p>\n<p><span class=\"text1noticias\">A\u00f1ade el ELN que el Pent\u00e1gono y la CIA son los dise\u00f1adores de la Guerra de Baja Intensidad y del Terrorismo de Estado, que en Colombia han cobrado millones de v\u00edctimas.<\/span><\/p>\n<\/p>\n<p><span class=\"text1noticias\">En relaci\u00f3n con la responsabilidad de Estados Unidos en el conflicto b\u00e9lico de la naci\u00f3n andina, esa fuerza insurgente asegura que Washington no puede ser juez y parte en medio de las pl\u00e1ticas en busca de la paz, sino que debe responder por sus pol\u00edticas expoliadoras, intervencionistas, de saqueo y por ser el puntal de la guerra.<\/span><\/p>\n<\/p>\n<p><span class=\"text1noticias\">Recuerda que Colombia ha intentado resolver el conflicto provocado por la guerra interna mediante el di\u00e1logo, con la instalaci\u00f3n de una mesa de negociaciones entre el Ejecutivo y las Fuerzas Armadas Revolucionarias-Ejercito del Pueblo y tambi\u00e9n con la exploraci\u00f3n para la apertura de ese mecanismo con el ELN.<\/span><\/p>\n<\/p>\n<p><span class=\"text1noticias\">El movimiento insurgente mantiene desde enero de 2012 di\u00e1logos exploratorios con el gobierno del presidente Juan Manuel Santos, con vistas a iniciar un proceso de paz paralelo al establecido en La Habana desde hace m\u00e1s de dos a\u00f1os entre el Gobierno nacional y las FARC-EP.<\/span><\/p>\n<\/p>\n<p><span class=\"text1noticias\">Como el ELN, tambi\u00e9n las FARC-EP y la propia administraci\u00f3n colombiana saludaron en su momento la designaci\u00f3n del enviado especial de Estados Unidos para observar el di\u00e1logo de paz.<\/span><\/p>\n<h6> 2015-03-09 14:09:27 <\/h6>\n<p><!--\n<link rel=\"stylesheet\" href=\"css\/bootstrap.min.css\">\n\n\n<ul class=\"pagination\">\n\t    \n\t\n\n<li >\n\t<a href='?page_no=24711'>Previous<\/a>\n\t<\/li>\n\n\n       \n    \n\n<li><a href='?page_no=1'>1<\/a><\/li>\n\n\n\n<li><a href='?page_no=2'>2<\/a><\/li>\n\n\n\n<li><a>...<\/a><\/li>\n\n\n\n<li><a href='?page_no=24710'>24710<\/a><\/li>\n\n\n\n<li><a href='?page_no=24711'>24711<\/a><\/li>\n\n\n\n<li class='active'><a>24712<\/a><\/li>\n\n\n\n<li><a href='?page_no=24713'>24713<\/a><\/li>\n\n\n\n<li><a href='?page_no=24714'>24714<\/a><\/li>\n\n\n\n<li><a>...<\/a><\/li>\n\n\n\n<li><a href='?page_no=51012'>51012<\/a><\/li>\n\n\n\n<li><a href='?page_no=51013'>51013<\/a><\/li>\n\n    \n\t\n\n<li >\n\t<a href='?page_no=24713'>Next<\/a>\n\t<\/li>\n\n\n    \n\n<li><a href='?page_no=51013'>Last &rsaquo;&rsaquo;<\/a><\/li>\n\n<\/ul>\n\n\n--><br \/>\n<\/body><\/p>\n","protected":false},"excerpt":{"rendered":"<p>Bogot\u00e1, 9 mar (PL) El movimiento insurgente Ej\u00e9rcito de Liberaci\u00f3n Nacional (ELN) demand\u00f3 a Estados Unidos asumir compromisos con el proceso de paz en Colombia, como responsable directo del conflicto armado, afirma un comunicado difundido hoy en esta capital. El texto, reproducido en los espacios informativos vespertinos nacionales, a\u00f1ade que el ELN saluda la decisi\u00f3n [&hellip;]<\/p>\n","protected":false},"author":3,"featured_media":0,"comment_status":"open","ping_status":"open","sticky":false,"template":"","format":"standard","meta":{"footnotes":""},"categories":[23],"tags":[],"class_list":["post-255067","post","type-post","status-publish","format-standard","hentry","category-internacional"],"_links":{"self":[{"href":"https:\/\/diariodominicano.com\/index.php?rest_route=\/wp\/v2\/posts\/255067","targetHints":{"allow":["GET"]}}],"collection":[{"href":"https:\/\/diariodominicano.com\/index.php?rest_route=\/wp\/v2\/posts"}],"about":[{"href":"https:\/\/diariodominicano.com\/index.php?rest_route=\/wp\/v2\/types\/post"}],"author":[{"embeddable":true,"href":"https:\/\/diariodominicano.com\/index.php?rest_route=\/wp\/v2\/users\/3"}],"replies":[{"embeddable":true,"href":"https:\/\/diariodominicano.com\/index.php?rest_route=%2Fwp%2Fv2%2Fcomments&post=255067"}],"version-history":[{"count":0,"href":"https:\/\/diariodominicano.com\/index.php?rest_route=\/wp\/v2\/posts\/255067\/revisions"}],"wp:attachment":[{"href":"https:\/\/diariodominicano.com\/index.php?rest_route=%2Fwp%2Fv2%2Fmedia&parent=255067"}],"wp:term":[{"taxonomy":"category","embeddable":true,"href":"https:\/\/diariodominicano.com\/index.php?rest_route=%2Fwp%2Fv2%2Fcategories&post=255067"},{"taxonomy":"post_tag","embeddable":true,"href":"https:\/\/diariodominicano.com\/index.php?rest_route=%2Fwp%2Fv2%2Ftags&post=255067"}],"curies":[{"name":"wp","href":"https:\/\/api.w.org\/{rel}","templated":true}]}}