{"id":255066,"date":"2015-03-09T14:14:30","date_gmt":"2015-03-09T14:14:30","guid":{"rendered":"http:\/\/diariodominicano.ddns.net\/?p=255066"},"modified":"2015-03-09T14:14:30","modified_gmt":"2015-03-09T14:14:30","slug":"jefe-militar-estadounidense-vaticina-derrota-de-ei-en-iraq","status":"publish","type":"post","link":"https:\/\/diariodominicano.com\/?p=255066","title":{"rendered":"&#13;&#13;Jefe militar estadounidense vaticina derrota de EI en Iraq"},"content":{"rendered":"<p><body><\/p>\n<p><span class=\"text1noticias\">\t\t<\/span><\/p>\n<\/p>\n<p><span class=\"text1noticias\">Bagdad, 9 mar (PL) El jefe de Estado Mayor del Ej\u00e9rcito norteamericano, Martin Dempsey, afirm\u00f3 hoy que el grupo Estado Isl\u00e1mico (EI) ser\u00e1 derrotado en Iraq, justo cuando el Gobierno local intensifica su ofensiva antiterrorista en Tikrit y Al-Anbar.<\/span><\/p>\n<\/p>\n<p><span class=\"text1noticias\">Dempsey se reuni\u00f3 en Bagdad con el primer ministro iraqu\u00ed, Haider Al-Abadi, y con el ministro de Defensa, Khalid Al-Obaidi, tan pronto inici\u00f3 una visita no anunciada a este pa\u00eds \u00e1rabe donde inspeccion\u00f3 varios destacamentos de instructores militares estadounidenses.<\/span><\/p>\n<\/p>\n<p><span class=\"text1noticias\">El militar norteamericano discuti\u00f3 con autoridades iraqu\u00edes pormenores de las operaciones para eliminar a los yihadistas del DAESH, acr\u00f3nimo \u00e1rabe del EI, concretamente en las provincias de Salaheddin (norte) y Al-Anbar (oeste), adem\u00e1s de pasar revista a la situaci\u00f3n de seguridad regional.<\/span><\/p>\n<\/p>\n<p><span class=\"text1noticias\">La visita se produjo en medio de la mayor ofensiva gubernamental contra los fundamentalistas sunnitas en un esfuerzo combinado del Ej\u00e9rcito, las fuerzas de seguridad, combatientes kurdos Peshmerga, voluntarios chiitas, miembros de tribus sunnitas y la aviaci\u00f3n de la coalici\u00f3n internacional.<\/span><\/p>\n<\/p>\n<p><span class=\"text1noticias\">Tras reunirse con Dempsey, el ministro de Defensa Al-Obaidi destac\u00f3 que Ir\u00e1n \u00abapoya much\u00edsimo\u00bb a Iraq en el combate a los \u00abtakfiristas\u00bb (terroristas isl\u00e1micos sunnitas), y dijo que habl\u00f3 con el oficial estadounidense \u00abcosas vitales que conciernen a las fuerzas de seguridad y voluntarios populares\u00bb.<\/span><\/p>\n<\/p>\n<p><span class=\"text1noticias\">Entretanto, la aviaci\u00f3n iraqu\u00ed mat\u00f3 a 50 terroristas en un bombardeo a un convoy cerca de Shurqat, en el norte de Salaheddin, y polic\u00edas y voluntarios sitiaron a docenas de atacantes suicidas en Al-Dor, al sur de Tikrit.<\/span><\/p>\n<\/p>\n<p><span class=\"text1noticias\">Seg\u00fan la agencia Alforat, francotiradores abatieron uno a uno a los yihadistas en una vivienda en Al-Dor, mientras tropas regulares y voluntarios mataron a otros 50 en Albu Ajil, al oriente de Tikrit, la capital provincial.<\/span><\/p>\n<\/p>\n<p><span class=\"text1noticias\">En las \u00faltimas horas, las fuerzas de seguridad y el Ej\u00e9rcito comenzaron a despejar la carretera que enlaza la localidad petrolera de Beiji con la provincia de Kirkuk, tras expulsar a los milicianos del EI, y controlaron totalmente el centro del distrito de Alam, adem\u00e1s del puente Tikrit.<\/span><\/p>\n<\/p>\n<p><span class=\"text1noticias\">Adem\u00e1s, el jefe del Comando de Operaciones de Salaheddin, Abdul Wahab Al-Saedi, revel\u00f3 que unidades militares rodearon esa urbe por cuatro lados en preparaci\u00f3n de su liberaci\u00f3n tras m\u00e1s de nueve meses de dominio yihadista.<\/span><\/p>\n<\/p>\n<p><span class=\"text1noticias\">Por otro lado, fuentes de inteligencia informaron que el EI asesin\u00f3 a 20 hombres que pretend\u00edan sumarse a la Movilizaci\u00f3n Popular contra el terrorismo en Hawija, al norte de Kirkuk, provincia en cuya zona oeste fuerzas kurdas atacaron posiciones del DAESH y mataron a 27 extremistas.<\/span><\/p>\n<\/p>\n<p><span class=\"text1noticias\">En Al-Anbar, un comandante del Ej\u00e9rcito confirm\u00f3 la muerte de decenas de fundamentalistas durante un asalto este lunes al poblado de Amiriyat al-Fallujah, al tiempo que fuerzas policiales bloquearon los suministros al EI entre las \u00e1reas de Fallujah y Al-Qarma, en la frontera con Siria.<\/span><\/p>\n<\/p>\n<h6> 2015-03-09 14:14:30 <\/h6>\n<p><!--\n<link rel=\"stylesheet\" href=\"css\/bootstrap.min.css\">\n\n\n<ul class=\"pagination\">\n\t    \n\t\n\n<li >\n\t<a href='?page_no=24710'>Previous<\/a>\n\t<\/li>\n\n\n       \n    \n\n<li><a href='?page_no=1'>1<\/a><\/li>\n\n\n\n<li><a href='?page_no=2'>2<\/a><\/li>\n\n\n\n<li><a>...<\/a><\/li>\n\n\n\n<li><a href='?page_no=24709'>24709<\/a><\/li>\n\n\n\n<li><a href='?page_no=24710'>24710<\/a><\/li>\n\n\n\n<li class='active'><a>24711<\/a><\/li>\n\n\n\n<li><a href='?page_no=24712'>24712<\/a><\/li>\n\n\n\n<li><a href='?page_no=24713'>24713<\/a><\/li>\n\n\n\n<li><a>...<\/a><\/li>\n\n\n\n<li><a href='?page_no=51012'>51012<\/a><\/li>\n\n\n\n<li><a href='?page_no=51013'>51013<\/a><\/li>\n\n    \n\t\n\n<li >\n\t<a href='?page_no=24712'>Next<\/a>\n\t<\/li>\n\n\n    \n\n<li><a href='?page_no=51013'>Last &rsaquo;&rsaquo;<\/a><\/li>\n\n<\/ul>\n\n\n--><br \/>\n<\/body><\/p>\n","protected":false},"excerpt":{"rendered":"<p>Bagdad, 9 mar (PL) El jefe de Estado Mayor del Ej\u00e9rcito norteamericano, Martin Dempsey, afirm\u00f3 hoy que el grupo Estado Isl\u00e1mico (EI) ser\u00e1 derrotado en Iraq, justo cuando el Gobierno local intensifica su ofensiva antiterrorista en Tikrit y Al-Anbar. Dempsey se reuni\u00f3 en Bagdad con el primer ministro iraqu\u00ed, Haider Al-Abadi, y con el ministro [&hellip;]<\/p>\n","protected":false},"author":3,"featured_media":0,"comment_status":"open","ping_status":"open","sticky":false,"template":"","format":"standard","meta":{"footnotes":""},"categories":[23],"tags":[],"class_list":["post-255066","post","type-post","status-publish","format-standard","hentry","category-internacional"],"_links":{"self":[{"href":"https:\/\/diariodominicano.com\/index.php?rest_route=\/wp\/v2\/posts\/255066","targetHints":{"allow":["GET"]}}],"collection":[{"href":"https:\/\/diariodominicano.com\/index.php?rest_route=\/wp\/v2\/posts"}],"about":[{"href":"https:\/\/diariodominicano.com\/index.php?rest_route=\/wp\/v2\/types\/post"}],"author":[{"embeddable":true,"href":"https:\/\/diariodominicano.com\/index.php?rest_route=\/wp\/v2\/users\/3"}],"replies":[{"embeddable":true,"href":"https:\/\/diariodominicano.com\/index.php?rest_route=%2Fwp%2Fv2%2Fcomments&post=255066"}],"version-history":[{"count":0,"href":"https:\/\/diariodominicano.com\/index.php?rest_route=\/wp\/v2\/posts\/255066\/revisions"}],"wp:attachment":[{"href":"https:\/\/diariodominicano.com\/index.php?rest_route=%2Fwp%2Fv2%2Fmedia&parent=255066"}],"wp:term":[{"taxonomy":"category","embeddable":true,"href":"https:\/\/diariodominicano.com\/index.php?rest_route=%2Fwp%2Fv2%2Fcategories&post=255066"},{"taxonomy":"post_tag","embeddable":true,"href":"https:\/\/diariodominicano.com\/index.php?rest_route=%2Fwp%2Fv2%2Ftags&post=255066"}],"curies":[{"name":"wp","href":"https:\/\/api.w.org\/{rel}","templated":true}]}}