{"id":255064,"date":"2015-03-09T18:46:11","date_gmt":"2015-03-09T18:46:11","guid":{"rendered":"http:\/\/diariodominicano.ddns.net\/?p=255064"},"modified":"2015-03-09T18:46:11","modified_gmt":"2015-03-09T18:46:11","slug":"diez-muertos-deja-choque-de-dos-helicopteros-en-argentina","status":"publish","type":"post","link":"https:\/\/diariodominicano.com\/?p=255064","title":{"rendered":"Diez muertos deja choque de dos helic\u00f3pteros en Argentina &#13;"},"content":{"rendered":"<p><body><\/p>\n<p><span class=\"text1noticias\">BUENOS AIRES, 9 mar (Xinhua)-Al menos diez personas fallecieron a consecuencia del choque registrado este lunes en pleno vuelo de dos helic\u00f3pteros en la provincia de La Rioja, en noreste de Argentina, la capital del pa\u00eds, inform\u00f3 la prensa local.<\/span><\/p>\n<\/p>\n<p><span class=\"text1noticias\">     De acuerdo con las fuentes, el accidente se produjo en el paraje conocido como Quebrada del Yeso, donde una productora francesa de televisi\u00f3n videogrababa un programa sobre supervivencia.<\/span><\/p>\n<\/p>\n<p><span class=\"text1noticias\">     El diario local \u00abEl Independiente\u00bb difundi\u00f3 que entre las personas que perdieron la vida, habr\u00edan competidores de nacionalidad francesa, m\u00e1s un riojano y un santiague\u00f1o.<\/span><\/p>\n<\/p>\n<p><span class=\"text1noticias\">     El medio indic\u00f3 en su portal digital que la producci\u00f3n del programa \u00abestaba a cargo de la empresa Praia Rosa, concesionaria de servicios tur\u00edsticos del departamento General Lamadrid y contaba con la colaboraci\u00f3n del municipio\u00bb.<\/span> Fin<\/p>\n<h6> 2015-03-09 18:46:11 <\/h6>\n<p><!--\n<link rel=\"stylesheet\" href=\"css\/bootstrap.min.css\">\n\n\n<ul class=\"pagination\">\n\t    \n\t\n\n<li >\n\t<a href='?page_no=24708'>Previous<\/a>\n\t<\/li>\n\n\n       \n    \n\n<li><a href='?page_no=1'>1<\/a><\/li>\n\n\n\n<li><a href='?page_no=2'>2<\/a><\/li>\n\n\n\n<li><a>...<\/a><\/li>\n\n\n\n<li><a href='?page_no=24707'>24707<\/a><\/li>\n\n\n\n<li><a href='?page_no=24708'>24708<\/a><\/li>\n\n\n\n<li class='active'><a>24709<\/a><\/li>\n\n\n\n<li><a href='?page_no=24710'>24710<\/a><\/li>\n\n\n\n<li><a href='?page_no=24711'>24711<\/a><\/li>\n\n\n\n<li><a>...<\/a><\/li>\n\n\n\n<li><a href='?page_no=51012'>51012<\/a><\/li>\n\n\n\n<li><a href='?page_no=51013'>51013<\/a><\/li>\n\n    \n\t\n\n<li >\n\t<a href='?page_no=24710'>Next<\/a>\n\t<\/li>\n\n\n    \n\n<li><a href='?page_no=51013'>Last &rsaquo;&rsaquo;<\/a><\/li>\n\n<\/ul>\n\n\n--><br \/>\n<\/body><\/p>\n","protected":false},"excerpt":{"rendered":"<p>BUENOS AIRES, 9 mar (Xinhua)-Al menos diez personas fallecieron a consecuencia del choque registrado este lunes en pleno vuelo de dos helic\u00f3pteros en la provincia de La Rioja, en noreste de Argentina, la capital del pa\u00eds, inform\u00f3 la prensa local. De acuerdo con las fuentes, el accidente se produjo en el paraje conocido como Quebrada [&hellip;]<\/p>\n","protected":false},"author":3,"featured_media":0,"comment_status":"open","ping_status":"open","sticky":false,"template":"","format":"standard","meta":{"footnotes":""},"categories":[23],"tags":[],"class_list":["post-255064","post","type-post","status-publish","format-standard","hentry","category-internacional"],"_links":{"self":[{"href":"https:\/\/diariodominicano.com\/index.php?rest_route=\/wp\/v2\/posts\/255064","targetHints":{"allow":["GET"]}}],"collection":[{"href":"https:\/\/diariodominicano.com\/index.php?rest_route=\/wp\/v2\/posts"}],"about":[{"href":"https:\/\/diariodominicano.com\/index.php?rest_route=\/wp\/v2\/types\/post"}],"author":[{"embeddable":true,"href":"https:\/\/diariodominicano.com\/index.php?rest_route=\/wp\/v2\/users\/3"}],"replies":[{"embeddable":true,"href":"https:\/\/diariodominicano.com\/index.php?rest_route=%2Fwp%2Fv2%2Fcomments&post=255064"}],"version-history":[{"count":0,"href":"https:\/\/diariodominicano.com\/index.php?rest_route=\/wp\/v2\/posts\/255064\/revisions"}],"wp:attachment":[{"href":"https:\/\/diariodominicano.com\/index.php?rest_route=%2Fwp%2Fv2%2Fmedia&parent=255064"}],"wp:term":[{"taxonomy":"category","embeddable":true,"href":"https:\/\/diariodominicano.com\/index.php?rest_route=%2Fwp%2Fv2%2Fcategories&post=255064"},{"taxonomy":"post_tag","embeddable":true,"href":"https:\/\/diariodominicano.com\/index.php?rest_route=%2Fwp%2Fv2%2Ftags&post=255064"}],"curies":[{"name":"wp","href":"https:\/\/api.w.org\/{rel}","templated":true}]}}