{"id":255063,"date":"2015-03-09T21:25:55","date_gmt":"2015-03-09T21:25:55","guid":{"rendered":"http:\/\/diariodominicano.ddns.net\/?p=255063"},"modified":"2015-03-09T21:25:55","modified_gmt":"2015-03-09T21:25:55","slug":"al-menos-31-militares-de-guardia-presidencial-brasilena-resultan-heridos-por-rayo","status":"publish","type":"post","link":"https:\/\/diariodominicano.com\/?p=255063","title":{"rendered":"Al menos 31 militares de Guardia Presidencial brasile\u00f1a resultan heridos por rayo"},"content":{"rendered":"<p><body><\/p>\n<p><img decoding=\"async\" src=\"img3\/Janeiro.jpg\" \/>  <\/p>\n<p><span class=\"text1noticias\">RIO DE JANEIRO, 9 mar (Xinhua) &#8212; Al menos 31 militares del Batall\u00f3n de la Guardia Presidencial de Brasilia resultaron heridos al caer un rayo en el patio donde realizaban una instrucci\u00f3n militar, inform\u00f3 hoy el Ej\u00e9rcito.<\/span><\/p>\n<p><span class=\"text1noticias\"> <\/span><\/p>\n<p><span class=\"text1noticias\">El Centro de Comunicaci\u00f3n Social del Ej\u00e9rcito se\u00f1al\u00f3 que algunos de los militares perdieron el conocimiento y otros sufrieron quemaduras, aunque ninguno de ellos corre peligro.<\/span><\/p>\n<p><span class=\"text1noticias\"> <\/span><\/p>\n<p><span class=\"text1noticias\">Pese a ello, 26 de los militares fueron trasladados a un centro hospitalario y quedar\u00e1n en observaci\u00f3n durante las pr\u00f3ximas horas.<\/span><\/p>\n<p><span class=\"text1noticias\">Al menos 98 personas murieron por rayos en Brasil en 2014.<\/span><\/p>\n<p><span class=\"text1noticias\"> <\/span><\/p>\n<p><span class=\"text1noticias\">El pa\u00eds sudamericano es uno de los que recibe m\u00e1s descargas el\u00e9ctricas del mund<\/span>o.<\/p>\n<h6> 2015-03-09 21:25:55 <\/h6>\n<p><!--\n<link rel=\"stylesheet\" href=\"css\/bootstrap.min.css\">\n\n\n<ul class=\"pagination\">\n\t    \n\t\n\n<li >\n\t<a href='?page_no=24707'>Previous<\/a>\n\t<\/li>\n\n\n       \n    \n\n<li><a href='?page_no=1'>1<\/a><\/li>\n\n\n\n<li><a href='?page_no=2'>2<\/a><\/li>\n\n\n\n<li><a>...<\/a><\/li>\n\n\n\n<li><a href='?page_no=24706'>24706<\/a><\/li>\n\n\n\n<li><a href='?page_no=24707'>24707<\/a><\/li>\n\n\n\n<li class='active'><a>24708<\/a><\/li>\n\n\n\n<li><a href='?page_no=24709'>24709<\/a><\/li>\n\n\n\n<li><a href='?page_no=24710'>24710<\/a><\/li>\n\n\n\n<li><a>...<\/a><\/li>\n\n\n\n<li><a href='?page_no=51012'>51012<\/a><\/li>\n\n\n\n<li><a href='?page_no=51013'>51013<\/a><\/li>\n\n    \n\t\n\n<li >\n\t<a href='?page_no=24709'>Next<\/a>\n\t<\/li>\n\n\n    \n\n<li><a href='?page_no=51013'>Last &rsaquo;&rsaquo;<\/a><\/li>\n\n<\/ul>\n\n\n--><br \/>\n<\/body><\/p>\n","protected":false},"excerpt":{"rendered":"<p>RIO DE JANEIRO, 9 mar (Xinhua) &#8212; Al menos 31 militares del Batall\u00f3n de la Guardia Presidencial de Brasilia resultaron heridos al caer un rayo en el patio donde realizaban una instrucci\u00f3n militar, inform\u00f3 hoy el Ej\u00e9rcito. El Centro de Comunicaci\u00f3n Social del Ej\u00e9rcito se\u00f1al\u00f3 que algunos de los militares perdieron el conocimiento y otros [&hellip;]<\/p>\n","protected":false},"author":3,"featured_media":0,"comment_status":"open","ping_status":"open","sticky":false,"template":"","format":"standard","meta":{"footnotes":""},"categories":[23],"tags":[],"class_list":["post-255063","post","type-post","status-publish","format-standard","hentry","category-internacional"],"_links":{"self":[{"href":"https:\/\/diariodominicano.com\/index.php?rest_route=\/wp\/v2\/posts\/255063","targetHints":{"allow":["GET"]}}],"collection":[{"href":"https:\/\/diariodominicano.com\/index.php?rest_route=\/wp\/v2\/posts"}],"about":[{"href":"https:\/\/diariodominicano.com\/index.php?rest_route=\/wp\/v2\/types\/post"}],"author":[{"embeddable":true,"href":"https:\/\/diariodominicano.com\/index.php?rest_route=\/wp\/v2\/users\/3"}],"replies":[{"embeddable":true,"href":"https:\/\/diariodominicano.com\/index.php?rest_route=%2Fwp%2Fv2%2Fcomments&post=255063"}],"version-history":[{"count":0,"href":"https:\/\/diariodominicano.com\/index.php?rest_route=\/wp\/v2\/posts\/255063\/revisions"}],"wp:attachment":[{"href":"https:\/\/diariodominicano.com\/index.php?rest_route=%2Fwp%2Fv2%2Fmedia&parent=255063"}],"wp:term":[{"taxonomy":"category","embeddable":true,"href":"https:\/\/diariodominicano.com\/index.php?rest_route=%2Fwp%2Fv2%2Fcategories&post=255063"},{"taxonomy":"post_tag","embeddable":true,"href":"https:\/\/diariodominicano.com\/index.php?rest_route=%2Fwp%2Fv2%2Ftags&post=255063"}],"curies":[{"name":"wp","href":"https:\/\/api.w.org\/{rel}","templated":true}]}}