{"id":255062,"date":"2015-03-09T21:39:45","date_gmt":"2015-03-09T21:39:45","guid":{"rendered":"http:\/\/diariodominicano.ddns.net\/?p=255062"},"modified":"2015-03-09T21:39:45","modified_gmt":"2015-03-09T21:39:45","slug":"primer-dia-de-paro-del-transporte-publico-de-48-horas-se-cumple-a-medias-en-haiti","status":"publish","type":"post","link":"https:\/\/diariodominicano.com\/?p=255062","title":{"rendered":"Primer d\u00eda de paro del transporte p\u00fablico de 48 horas se cumple a medias en Hait\u00ed"},"content":{"rendered":"<p><body><\/p>\n<p><img decoding=\"async\" src=\"img3\/Haiti.jpg\" \/>  <\/p>\n<p><span class=\"text1noticias\">Haiti, 9 mar (Xinhua) &#8212; El primer d\u00eda de un paro del transporte p\u00fablico de 48 horas se cumpli\u00f3 hoy a medias en Hait\u00ed, cuyo gobierno enfrenta desde hace varios meses manifestaciones para exigir la renuncia del presidente Michel Martelly y mejores condiciones de vida.<\/span><\/p>\n<p><span class=\"text1noticias\"> <\/span><\/p>\n<p><span class=\"text1noticias\">Aunque el tr\u00e1fico fue bastante fluido en las principales avenidas de Puerto Pr\u00edncipe y la actividad comercial se realiz\u00f3 con cierta normalidad, muchas escuelas no abrieron este lunes y los bancos tuvieron una escasa asistencia, seg\u00fan los reportes de los medios haitianos de comunicaci\u00f3n.<\/span><\/p>\n<p><span class=\"text1noticias\"> <\/span><\/p>\n<p><span class=\"text1noticias\">La huelga de dos d\u00edas fue convocada por la Plataforma Nacional de Sindicatos de Transportistas Leales (PNSTF) y respaldada por el Movimiento Patri\u00f3tico de la Oposici\u00f3n Democr\u00e1tica (MoPod), el cual agrupa a importantes partidos pol\u00edticos como Lavalas, del ex presidente haitiano Jean Bertrand Aristide.<\/span><\/p>\n<p><span class=\"text1noticias\"> <\/span><\/p>\n<p><span class=\"text1noticias\">La convocatoria se hizo pese a que el gobierno de Hait\u00ed ajust\u00f3 la semana pasada los precios de los pasajes urbanos, en medio de protestas de la oposici\u00f3n por el alto costo de los combustibles, los cuales seg\u00fan las autoridades es de los m\u00e1s bajos de la regi\u00f3n.<\/span><\/p>\n<p><span class=\"text1noticias\">\u00abEn gran medida la poblaci\u00f3n respondi\u00f3 a nuestro llamado. Fue un buen d\u00eda\u00bb, declar\u00f3 a periodistas en Hait\u00ed Duclos Benissoit, coordinador general del PNSTF.<\/span><\/p>\n<p><span class=\"text1noticias\"> <\/span><\/p>\n<p><span class=\"text1noticias\">La organizaci\u00f3n aboga por una reducci\u00f3n de 100 gourdes (2,13 d\u00f3lares) al precio por gal\u00f3n de gasolina, de 89 gourdes (1,89 d\u00f3lares) para el diesel y de 80 gourdes (1,70 d\u00f3lares) para el queroseno, demandas que el gobierno dice que es incapaz de cumplir.<\/span><\/p>\n<p><span class=\"text1noticias\"> <\/span><\/p>\n<p><span class=\"text1noticias\">El secretario de Estado de Finanzas, Ronald D\u00e9cembre, explic\u00f3 durante una conferencia de prensa la semana pasada que la gasolina en el mercado internacional cuesta 57 d\u00f3lares, sin embargo llega tratada al Estado haitiano a 78 d\u00f3lares.<\/span><\/p>\n<p><span class=\"text1noticias\"> <\/span><\/p>\n<p><span class=\"text1noticias\">\u00abSi tuvi\u00e9ramos refiner\u00edas en Hait\u00ed estar\u00edamos comprando gasolina a un precio m\u00e1s bajo. Por desgracia, el Estado est\u00e1 obligado a pagar el combustible despu\u00e9s de un procesamiento m\u00e1s caro\u00bb, manifest\u00f3 el funcionario.<\/span><\/p>\n<p><span class=\"text1noticias\"> <\/span><\/p>\n<p><span class=\"text1noticias\">Decenas de manifestaciones se han producido en el pa\u00eds luego de que el gobierno aument\u00f3 en octubre pasado los precios de los combustibles, agobiado por el subsidio que aplica a los productos derivados del petr\u00f3leo y que en 2014 super\u00f3 el precio de 978 millones de gourdes (unos 22,8 millones de d\u00f3lares).<\/span><\/p>\n<p><span class=\"text1noticias\">ni enfrentamientos entre la polic\u00eda y los manifestantes.<\/span><\/p>\n<p><span class=\"text1noticias\"> <\/span><\/p>\n<p><span class=\"text1noticias\">El pasado 31 de enero las autoridades anunciaron una reducci\u00f3n en los precios de los derivados del petr\u00f3leo, pero la rebaja no satisfizo a los sindicatos que mantuvieron su llamado a huelga.<\/span><\/p>\n<p><span class=\"text1noticias\"> <\/span><\/p>\n<p><span class=\"text1noticias\">D\u00edas despu\u00e9s, tras intensas negociaciones con los sindicatos, las autoridades anunciaron una nueva reducci\u00f3n que no impidi\u00f3, sin embargo, las continuaci\u00f3n de las protestas por parte de estudiantes y de grupo opositores.<\/span><\/p>\n<p><span class=\"text1noticias\"> <\/span><\/p>\n<p><span class=\"text1noticias\">El acuerdo llev\u00f3 el precio de la gasolina de 215 a 195 gourdes (4,14 d\u00f3lares) el gal\u00f3n, el del diesel de 177 a 157 gourdes (3,34 d\u00f3lares) y el del kerosene de 171 a 156 gourdes (3,32 el gal\u00f3n) y estableci\u00f3 que en el t\u00e9rmino de un mes, tarifas finales ser\u00edan fijadas seg\u00fan la fluctuaci\u00f3n de los precios del crudo en el mercado internacional.<\/span><\/p>\n<p><span class=\"text1noticias\"> <\/span><\/p>\n<p><span class=\"text1noticias\">\u00abTodo el mundo puede hacer una huelga o una manifestaci\u00f3n. Pero es necesario que se respeten las reglas del juego\u00bb, dijo la semana pasada el ministro de Comunicaci\u00f3n, Rothchild Francois Jr.<\/span><\/p>\n<p><span class=\"text1noticias\"> <\/span><\/p>\n<p><span class=\"text1noticias\">\u00abEsto significa que si no quiero acatar la huelga, no me puedes obligar, amenazarse, ejercer violencia contra m\u00ed para impedirme salir libremente de mi negoc<\/span>io\u00bb, agreg\u00f3.<\/p>\n<h6> 2015-03-09 21:39:45 <\/h6>\n<p><!--\n<link rel=\"stylesheet\" href=\"css\/bootstrap.min.css\">\n\n\n<ul class=\"pagination\">\n\t    \n\t\n\n<li >\n\t<a href='?page_no=24706'>Previous<\/a>\n\t<\/li>\n\n\n       \n    \n\n<li><a href='?page_no=1'>1<\/a><\/li>\n\n\n\n<li><a href='?page_no=2'>2<\/a><\/li>\n\n\n\n<li><a>...<\/a><\/li>\n\n\n\n<li><a href='?page_no=24705'>24705<\/a><\/li>\n\n\n\n<li><a href='?page_no=24706'>24706<\/a><\/li>\n\n\n\n<li class='active'><a>24707<\/a><\/li>\n\n\n\n<li><a href='?page_no=24708'>24708<\/a><\/li>\n\n\n\n<li><a href='?page_no=24709'>24709<\/a><\/li>\n\n\n\n<li><a>...<\/a><\/li>\n\n\n\n<li><a href='?page_no=51012'>51012<\/a><\/li>\n\n\n\n<li><a href='?page_no=51013'>51013<\/a><\/li>\n\n    \n\t\n\n<li >\n\t<a href='?page_no=24708'>Next<\/a>\n\t<\/li>\n\n\n    \n\n<li><a href='?page_no=51013'>Last &rsaquo;&rsaquo;<\/a><\/li>\n\n<\/ul>\n\n\n--><br \/>\n<\/body><\/p>\n","protected":false},"excerpt":{"rendered":"<p>Haiti, 9 mar (Xinhua) &#8212; El primer d\u00eda de un paro del transporte p\u00fablico de 48 horas se cumpli\u00f3 hoy a medias en Hait\u00ed, cuyo gobierno enfrenta desde hace varios meses manifestaciones para exigir la renuncia del presidente Michel Martelly y mejores condiciones de vida. Aunque el tr\u00e1fico fue bastante fluido en las principales avenidas [&hellip;]<\/p>\n","protected":false},"author":3,"featured_media":0,"comment_status":"open","ping_status":"open","sticky":false,"template":"","format":"standard","meta":{"footnotes":""},"categories":[23],"tags":[],"class_list":["post-255062","post","type-post","status-publish","format-standard","hentry","category-internacional"],"_links":{"self":[{"href":"https:\/\/diariodominicano.com\/index.php?rest_route=\/wp\/v2\/posts\/255062","targetHints":{"allow":["GET"]}}],"collection":[{"href":"https:\/\/diariodominicano.com\/index.php?rest_route=\/wp\/v2\/posts"}],"about":[{"href":"https:\/\/diariodominicano.com\/index.php?rest_route=\/wp\/v2\/types\/post"}],"author":[{"embeddable":true,"href":"https:\/\/diariodominicano.com\/index.php?rest_route=\/wp\/v2\/users\/3"}],"replies":[{"embeddable":true,"href":"https:\/\/diariodominicano.com\/index.php?rest_route=%2Fwp%2Fv2%2Fcomments&post=255062"}],"version-history":[{"count":0,"href":"https:\/\/diariodominicano.com\/index.php?rest_route=\/wp\/v2\/posts\/255062\/revisions"}],"wp:attachment":[{"href":"https:\/\/diariodominicano.com\/index.php?rest_route=%2Fwp%2Fv2%2Fmedia&parent=255062"}],"wp:term":[{"taxonomy":"category","embeddable":true,"href":"https:\/\/diariodominicano.com\/index.php?rest_route=%2Fwp%2Fv2%2Fcategories&post=255062"},{"taxonomy":"post_tag","embeddable":true,"href":"https:\/\/diariodominicano.com\/index.php?rest_route=%2Fwp%2Fv2%2Ftags&post=255062"}],"curies":[{"name":"wp","href":"https:\/\/api.w.org\/{rel}","templated":true}]}}