{"id":255061,"date":"2015-03-09T21:55:49","date_gmt":"2015-03-09T21:55:49","guid":{"rendered":"http:\/\/diariodominicano.ddns.net\/?p=255061"},"modified":"2015-03-09T21:55:49","modified_gmt":"2015-03-09T21:55:49","slug":"jefe-de-gobierno-dice-que-primer-paso-para-elecciones-en-haiti-esta-dado","status":"publish","type":"post","link":"https:\/\/diariodominicano.com\/?p=255061","title":{"rendered":"Jefe de gobierno dice que primer paso para elecciones en Hait\u00ed \u00abest\u00e1 dado\u00bb"},"content":{"rendered":"<p><body><\/p>\n<p><span class=\"text1noticias\">Haiti, 9 mar (Xinhua) &#8212; El jefe de gobierno haitiano, Evans Paul, asegur\u00f3 hoy que el primer paso para realizar elecciones en Hait\u00ed este a\u00f1o ya \u00abest\u00e1 dado\u00bb, en referencia al decreto que representa el marco legal para el proceso y que fue publicado la semana pasada en el diario oficial haitiano.<\/span><\/p>\n<p><span class=\"text1noticias\"> <\/span><\/p>\n<p><span class=\"text1noticias\">Paul dijo adem\u00e1s que la organizaci\u00f3n de las elecciones es un imperativo para el gobierno, y dio garant\u00edas de que el 2015 ser\u00e1 un a\u00f1o electoral ahora \u00abque ya ha sido implementado\u00bb.<\/span><\/p>\n<p><span class=\"text1noticias\"> <\/span><\/p>\n<p><span class=\"text1noticias\">El primer ministro haitiano acudi\u00f3 a mediados de la semana pasada a la sede del Consejo Electoral Provisional (CEP) para entregar simb\u00f3licamente un ejemplar del peri\u00f3dico oficial El Monitor, en el que se publicaron dos decretos sobre la organizaci\u00f3n de las elecciones que se celebrar\u00e1n durante el 2015.<\/span><\/p>\n<p><span class=\"text1noticias\"> <\/span><\/p>\n<p><span class=\"text1noticias\">\u00abLlegamos a la sede de la CEP para expresar muy claramente el compromiso del Gobierno de celebrar elecciones en el pa\u00eds este a\u00f1o\u00bb , dijo Paul en esa oportunidad.<\/span><\/p>\n<p><span class=\"text1noticias\"> <\/span><\/p>\n<p><span class=\"text1noticias\">Hait\u00ed debe elegir a veinte senadores, 118 diputados, 140 autoridades municipales y 1.140 asamble\u00edstas y representantes comunales en todo el pa\u00eds, adem\u00e1s del sucesor del actual presidente Michel Martelly, cuyo mandato culmina en mayo del 2016.<\/span><\/p>\n<p><span class=\"text1noticias\"> <\/span><\/p>\n<p><span class=\"text1noticias\">Las autoridades electorales anunciaron a principios de febrero que el proceso ser\u00eda puesto en marcha este mes, con un calendario electoral que prev\u00e9 la organizaci\u00f3n de la primera ronda para elecciones parlamentarias en julio, y para presidenciales el 25 de octubre pr\u00f3ximo.<\/span><\/p>\n<p><span class=\"text1noticias\"> <\/span><\/p>\n<p><span class=\"text1noticias\">Paul dijo hoy que la administraci\u00f3n Martelly mantiene su compromiso de crear un clima propicio para la celebraci\u00f3n de los comicios y para asegurar su financiaci\u00f3n, \u00absus dos misiones principales\u00bb despu\u00e9s de la publicaci\u00f3n del decreto.<\/span><\/p>\n<p><span class=\"text1noticias\"> <\/span><\/p>\n<p><span class=\"text1noticias\"> \u00abVengo de un partido pol\u00edtico, el jefe de Estado tiene su propio partido, otros ministros del gobierno son parte de otras estructuras pol\u00edticas, pero la consigna es clara. Nadie est\u00e1 autorizada a utilizar los bienes del  Estado, o el dinero del Estado, o las casas del Estado\u00bb, advirti\u00f3 el rimer ministro haitiano.<\/span><\/p>\n<p><span class=\"text1noticias\"> <\/span><\/p>\n<p><span class=\"text1noticias\">Hait\u00ed trata de superar una grave crisis pol\u00edtica que tras forzar la dimisi\u00f3n del anterior primer ministro Laurent Lamothe, dej\u00f3 sin funciones al parlamento debido al prolongado retraso en la organizaci\u00f3n de los c<\/span>omicios.<\/p>\n<h6> 2015-03-09 21:55:49 <\/h6>\n<p><!--\n<link rel=\"stylesheet\" href=\"css\/bootstrap.min.css\">\n\n\n<ul class=\"pagination\">\n\t    \n\t\n\n<li >\n\t<a href='?page_no=24705'>Previous<\/a>\n\t<\/li>\n\n\n       \n    \n\n<li><a href='?page_no=1'>1<\/a><\/li>\n\n\n\n<li><a href='?page_no=2'>2<\/a><\/li>\n\n\n\n<li><a>...<\/a><\/li>\n\n\n\n<li><a href='?page_no=24704'>24704<\/a><\/li>\n\n\n\n<li><a href='?page_no=24705'>24705<\/a><\/li>\n\n\n\n<li class='active'><a>24706<\/a><\/li>\n\n\n\n<li><a href='?page_no=24707'>24707<\/a><\/li>\n\n\n\n<li><a href='?page_no=24708'>24708<\/a><\/li>\n\n\n\n<li><a>...<\/a><\/li>\n\n\n\n<li><a href='?page_no=51012'>51012<\/a><\/li>\n\n\n\n<li><a href='?page_no=51013'>51013<\/a><\/li>\n\n    \n\t\n\n<li >\n\t<a href='?page_no=24707'>Next<\/a>\n\t<\/li>\n\n\n    \n\n<li><a href='?page_no=51013'>Last &rsaquo;&rsaquo;<\/a><\/li>\n\n<\/ul>\n\n\n--><br \/>\n<\/body><\/p>\n","protected":false},"excerpt":{"rendered":"<p>Haiti, 9 mar (Xinhua) &#8212; El jefe de gobierno haitiano, Evans Paul, asegur\u00f3 hoy que el primer paso para realizar elecciones en Hait\u00ed este a\u00f1o ya \u00abest\u00e1 dado\u00bb, en referencia al decreto que representa el marco legal para el proceso y que fue publicado la semana pasada en el diario oficial haitiano. Paul dijo adem\u00e1s [&hellip;]<\/p>\n","protected":false},"author":3,"featured_media":0,"comment_status":"open","ping_status":"open","sticky":false,"template":"","format":"standard","meta":{"footnotes":""},"categories":[23],"tags":[],"class_list":["post-255061","post","type-post","status-publish","format-standard","hentry","category-internacional"],"_links":{"self":[{"href":"https:\/\/diariodominicano.com\/index.php?rest_route=\/wp\/v2\/posts\/255061","targetHints":{"allow":["GET"]}}],"collection":[{"href":"https:\/\/diariodominicano.com\/index.php?rest_route=\/wp\/v2\/posts"}],"about":[{"href":"https:\/\/diariodominicano.com\/index.php?rest_route=\/wp\/v2\/types\/post"}],"author":[{"embeddable":true,"href":"https:\/\/diariodominicano.com\/index.php?rest_route=\/wp\/v2\/users\/3"}],"replies":[{"embeddable":true,"href":"https:\/\/diariodominicano.com\/index.php?rest_route=%2Fwp%2Fv2%2Fcomments&post=255061"}],"version-history":[{"count":0,"href":"https:\/\/diariodominicano.com\/index.php?rest_route=\/wp\/v2\/posts\/255061\/revisions"}],"wp:attachment":[{"href":"https:\/\/diariodominicano.com\/index.php?rest_route=%2Fwp%2Fv2%2Fmedia&parent=255061"}],"wp:term":[{"taxonomy":"category","embeddable":true,"href":"https:\/\/diariodominicano.com\/index.php?rest_route=%2Fwp%2Fv2%2Fcategories&post=255061"},{"taxonomy":"post_tag","embeddable":true,"href":"https:\/\/diariodominicano.com\/index.php?rest_route=%2Fwp%2Fv2%2Ftags&post=255061"}],"curies":[{"name":"wp","href":"https:\/\/api.w.org\/{rel}","templated":true}]}}