{"id":255059,"date":"2015-03-10T10:06:41","date_gmt":"2015-03-10T10:06:41","guid":{"rendered":"http:\/\/diariodominicano.ddns.net\/?p=255059"},"modified":"2015-03-10T10:06:41","modified_gmt":"2015-03-10T10:06:41","slug":"fidel-castro-felicita-a-maduro-por-su-discurso-ante-brutales-planes-de-eeuu","status":"publish","type":"post","link":"https:\/\/diariodominicano.com\/?p=255059","title":{"rendered":"Fidel Castro felicita a Maduro por su discurso ante \u00abbrutales planes\u00bb de EEUU"},"content":{"rendered":"<p><body><\/p>\n<p><img decoding=\"async\" src=\"img3\/castro 1.jpg\" \/>  <\/p>\n<p>La Habana, Cuba 10 marzo.- El expresidente cubano Fidel Castro felicit\u00f3 al mandatario venezolano, Nicol\u00e1s Maduro, por su \u00abbrillante y valiente\u00bb discurso ante los \u00abbrutales planes\u00bb de Estados Unidos contra su pa\u00eds, en una breve misiva publicada hoy en la isla.<\/p>\n<\/p>\n<p>\u00abQuerido Nicol\u00e1s Maduro, presidente de la Rep\u00fablica Bolivariana de Venezuela: Te felicito por tu brillante y valiente discurso frente a los brutales planes del Gobierno de Estados Unidos\u00bb, afirma Castro en la carta, fechada en la noche del lunes y divulgada en medios oficiales.<\/p>\n<\/p>\n<p>\u00abTus palabras pasar\u00e1n a la historia como prueba de que la Humanidad puede y debe conocer la verdad\u00bb, a\u00f1adi\u00f3 el l\u00edder cubano, en lo que se infiere sea una referencia al discurso realizado ayer por Maduro desde el Palacio de Miraflores en Caracas.<\/p>\n<\/p>\n<p>El mensaje de Castro, de 88 a\u00f1os y retirado del poder desde 2006, se suma a una declaraci\u00f3n oficial del Gobierno cubano, que preside su hermano menor, Ra\u00fal Castro, en la que la isla dio su \u00abapoyo incondicional\u00bb a Venezuela ante la situaci\u00f3n de conflicto con Estados Unidos.<\/p>\n<\/p>\n<p>En ese comunicado, el Ejecutivo cubano calific\u00f3 de \u00abarbitraria y agresiva\u00bb la orden de EEUU de declarar la \u00abemergencia nacional\u00bb ante el \u00abriesgo extraordinario\u00bb que supone la situaci\u00f3n venezolana para la seguridad del pa\u00eds.<\/p>\n<\/p>\n<p>Adem\u00e1s, La Habana subray\u00f3 que \u00abnadie tiene derecho a intervenir en los asuntos internos de un Estado soberano ni a declararlo, sin fundamento alguno, como amenaza a su seguridad nacional\u00bb.<\/p>\n<\/p>\n<h6> 2015-03-10 10:06:41 <\/h6>\n<p><!--\n<link rel=\"stylesheet\" href=\"css\/bootstrap.min.css\">\n\n\n<ul class=\"pagination\">\n\t    \n\t\n\n<li >\n\t<a href='?page_no=24703'>Previous<\/a>\n\t<\/li>\n\n\n       \n    \n\n<li><a href='?page_no=1'>1<\/a><\/li>\n\n\n\n<li><a href='?page_no=2'>2<\/a><\/li>\n\n\n\n<li><a>...<\/a><\/li>\n\n\n\n<li><a href='?page_no=24702'>24702<\/a><\/li>\n\n\n\n<li><a href='?page_no=24703'>24703<\/a><\/li>\n\n\n\n<li class='active'><a>24704<\/a><\/li>\n\n\n\n<li><a href='?page_no=24705'>24705<\/a><\/li>\n\n\n\n<li><a href='?page_no=24706'>24706<\/a><\/li>\n\n\n\n<li><a>...<\/a><\/li>\n\n\n\n<li><a href='?page_no=51012'>51012<\/a><\/li>\n\n\n\n<li><a href='?page_no=51013'>51013<\/a><\/li>\n\n    \n\t\n\n<li >\n\t<a href='?page_no=24705'>Next<\/a>\n\t<\/li>\n\n\n    \n\n<li><a href='?page_no=51013'>Last &rsaquo;&rsaquo;<\/a><\/li>\n\n<\/ul>\n\n\n--><br \/>\n<\/body><\/p>\n","protected":false},"excerpt":{"rendered":"<p>La Habana, Cuba 10 marzo.- El expresidente cubano Fidel Castro felicit\u00f3 al mandatario venezolano, Nicol\u00e1s Maduro, por su \u00abbrillante y valiente\u00bb discurso ante los \u00abbrutales planes\u00bb de Estados Unidos contra su pa\u00eds, en una breve misiva publicada hoy en la isla. \u00abQuerido Nicol\u00e1s Maduro, presidente de la Rep\u00fablica Bolivariana de Venezuela: Te felicito por tu [&hellip;]<\/p>\n","protected":false},"author":3,"featured_media":0,"comment_status":"open","ping_status":"open","sticky":false,"template":"","format":"standard","meta":{"footnotes":""},"categories":[23],"tags":[],"class_list":["post-255059","post","type-post","status-publish","format-standard","hentry","category-internacional"],"_links":{"self":[{"href":"https:\/\/diariodominicano.com\/index.php?rest_route=\/wp\/v2\/posts\/255059","targetHints":{"allow":["GET"]}}],"collection":[{"href":"https:\/\/diariodominicano.com\/index.php?rest_route=\/wp\/v2\/posts"}],"about":[{"href":"https:\/\/diariodominicano.com\/index.php?rest_route=\/wp\/v2\/types\/post"}],"author":[{"embeddable":true,"href":"https:\/\/diariodominicano.com\/index.php?rest_route=\/wp\/v2\/users\/3"}],"replies":[{"embeddable":true,"href":"https:\/\/diariodominicano.com\/index.php?rest_route=%2Fwp%2Fv2%2Fcomments&post=255059"}],"version-history":[{"count":0,"href":"https:\/\/diariodominicano.com\/index.php?rest_route=\/wp\/v2\/posts\/255059\/revisions"}],"wp:attachment":[{"href":"https:\/\/diariodominicano.com\/index.php?rest_route=%2Fwp%2Fv2%2Fmedia&parent=255059"}],"wp:term":[{"taxonomy":"category","embeddable":true,"href":"https:\/\/diariodominicano.com\/index.php?rest_route=%2Fwp%2Fv2%2Fcategories&post=255059"},{"taxonomy":"post_tag","embeddable":true,"href":"https:\/\/diariodominicano.com\/index.php?rest_route=%2Fwp%2Fv2%2Ftags&post=255059"}],"curies":[{"name":"wp","href":"https:\/\/api.w.org\/{rel}","templated":true}]}}