{"id":255058,"date":"2015-03-10T10:27:33","date_gmt":"2015-03-10T10:27:33","guid":{"rendered":"http:\/\/diariodominicano.ddns.net\/?p=255058"},"modified":"2015-03-10T10:27:33","modified_gmt":"2015-03-10T10:27:33","slug":"el-papa-en-argentina-se-consume-y-creo-que-tambien-se-produce-la-droga","status":"publish","type":"post","link":"https:\/\/diariodominicano.com\/?p=255058","title":{"rendered":"El papa: En Argentina se consume y creo que tambi\u00e9n se produce la droga"},"content":{"rendered":"<p><body><\/p>\n<p><img decoding=\"async\" src=\"img3\/pap 3.jpg\" \/>  <\/p>\n<p>Ciudad del Vaticano, 10 marzo.- El papa Francisco considera que Argentina ha pasado en los \u00faltimos 25 a\u00f1os de ser un pa\u00eds de \u00abtr\u00e1nsito\u00bb de la droga a convertirse en consumidor y tambi\u00e9n en productor, dijo en una entrevista difundida hoy.<\/p>\n<\/p>\n<p>\u00abEn relaci\u00f3n con la Argentina puedo decir esto: hasta hace veinticinco a\u00f1os era todav\u00eda un pa\u00eds de tr\u00e1nsito, hoy es un pa\u00eds de consumo. Y, no lo s\u00e9 con certeza, pero creo que tambi\u00e9n se produce\u00bb, agreg\u00f3.<\/p>\n<\/p>\n<p>El pont\u00edfice argentino hizo estas declaraciones a la revista parroquial \u00abLa C\u00e1rcova News\u00bb a partir de respuestas que dio oralmente el 7 de febrero al p\u00e1rroco de San Juan Bosco, en la periferia de Buenos Aires, don Jos\u00e9 Mar\u00eda di Paola, conocido como \u00abpadre Pepe\u00bb.<\/p>\n<\/p>\n<p>La transcripci\u00f3n del contenido fue difundida hoy en Italia por la publicaci\u00f3n cat\u00f3lica italiana \u00abAvvenire\u00bb, en la que se detalla que la entrevista fue posible porque el pont\u00edfice respondi\u00f3 personalmente al \u00abpadre Pepe\u00bb cuando este le visit\u00f3 en el Vaticano.<\/p>\n<\/p>\n<p>La cuesti\u00f3n de la droga fue planteada por el inter\u00e9s expresado por los participantes en campamentos parroquiales, de donde salieron las preguntas transmitidas al pont\u00edfice.<\/p>\n<\/p>\n<p>Y el papa manifest\u00f3 que lo que le \u00abpreocupa m\u00e1s\u00bb es \u00abel triunfalismo de los traficantes. Esta gente canta victoria, siente que ha ganado, que ha triunfado. Y es una realidad. Hay pa\u00edses, o zonas, en donde todo est\u00e1 sometido a la droga\u00bb.<\/p>\n<\/p>\n<p>\u00abEs verdad, la droga avanza y no se detiene. Hay pa\u00edses que ya son esclavos de la droga\u00bb, manifest\u00f3 el pont\u00edfice sobre esta cuesti\u00f3n<\/p>\n<h6> 2015-03-10 10:27:33 <\/h6>\n<p><!--\n<link rel=\"stylesheet\" href=\"css\/bootstrap.min.css\">\n\n\n<ul class=\"pagination\">\n\t    \n\t\n\n<li >\n\t<a href='?page_no=24702'>Previous<\/a>\n\t<\/li>\n\n\n       \n    \n\n<li><a href='?page_no=1'>1<\/a><\/li>\n\n\n\n<li><a href='?page_no=2'>2<\/a><\/li>\n\n\n\n<li><a>...<\/a><\/li>\n\n\n\n<li><a href='?page_no=24701'>24701<\/a><\/li>\n\n\n\n<li><a href='?page_no=24702'>24702<\/a><\/li>\n\n\n\n<li class='active'><a>24703<\/a><\/li>\n\n\n\n<li><a href='?page_no=24704'>24704<\/a><\/li>\n\n\n\n<li><a href='?page_no=24705'>24705<\/a><\/li>\n\n\n\n<li><a>...<\/a><\/li>\n\n\n\n<li><a href='?page_no=51012'>51012<\/a><\/li>\n\n\n\n<li><a href='?page_no=51013'>51013<\/a><\/li>\n\n    \n\t\n\n<li >\n\t<a href='?page_no=24704'>Next<\/a>\n\t<\/li>\n\n\n    \n\n<li><a href='?page_no=51013'>Last &rsaquo;&rsaquo;<\/a><\/li>\n\n<\/ul>\n\n\n--><br \/>\n<\/body><\/p>\n","protected":false},"excerpt":{"rendered":"<p>Ciudad del Vaticano, 10 marzo.- El papa Francisco considera que Argentina ha pasado en los \u00faltimos 25 a\u00f1os de ser un pa\u00eds de \u00abtr\u00e1nsito\u00bb de la droga a convertirse en consumidor y tambi\u00e9n en productor, dijo en una entrevista difundida hoy. \u00abEn relaci\u00f3n con la Argentina puedo decir esto: hasta hace veinticinco a\u00f1os era todav\u00eda [&hellip;]<\/p>\n","protected":false},"author":3,"featured_media":0,"comment_status":"open","ping_status":"open","sticky":false,"template":"","format":"standard","meta":{"footnotes":""},"categories":[23],"tags":[],"class_list":["post-255058","post","type-post","status-publish","format-standard","hentry","category-internacional"],"_links":{"self":[{"href":"https:\/\/diariodominicano.com\/index.php?rest_route=\/wp\/v2\/posts\/255058","targetHints":{"allow":["GET"]}}],"collection":[{"href":"https:\/\/diariodominicano.com\/index.php?rest_route=\/wp\/v2\/posts"}],"about":[{"href":"https:\/\/diariodominicano.com\/index.php?rest_route=\/wp\/v2\/types\/post"}],"author":[{"embeddable":true,"href":"https:\/\/diariodominicano.com\/index.php?rest_route=\/wp\/v2\/users\/3"}],"replies":[{"embeddable":true,"href":"https:\/\/diariodominicano.com\/index.php?rest_route=%2Fwp%2Fv2%2Fcomments&post=255058"}],"version-history":[{"count":0,"href":"https:\/\/diariodominicano.com\/index.php?rest_route=\/wp\/v2\/posts\/255058\/revisions"}],"wp:attachment":[{"href":"https:\/\/diariodominicano.com\/index.php?rest_route=%2Fwp%2Fv2%2Fmedia&parent=255058"}],"wp:term":[{"taxonomy":"category","embeddable":true,"href":"https:\/\/diariodominicano.com\/index.php?rest_route=%2Fwp%2Fv2%2Fcategories&post=255058"},{"taxonomy":"post_tag","embeddable":true,"href":"https:\/\/diariodominicano.com\/index.php?rest_route=%2Fwp%2Fv2%2Ftags&post=255058"}],"curies":[{"name":"wp","href":"https:\/\/api.w.org\/{rel}","templated":true}]}}