{"id":255056,"date":"2015-03-10T13:51:15","date_gmt":"2015-03-10T13:51:15","guid":{"rendered":"http:\/\/diariodominicano.ddns.net\/?p=255056"},"modified":"2015-03-10T13:51:15","modified_gmt":"2015-03-10T13:51:15","slug":"rusia-pide-explicacion-a-europa-por-amenaza-militar","status":"publish","type":"post","link":"https:\/\/diariodominicano.com\/?p=255056","title":{"rendered":"&#13;&#13;&#13;Rusia pide explicaci\u00f3n a Europa por amenaza militar"},"content":{"rendered":"<p><body><\/p>\n<p><span class=\"text1noticias\">\t\t\t<\/span><\/p>\n<p><span class=\"text1noticias\">  <\/span><\/p>\n<\/p>\n<p><span class=\"text1noticias\">Mosc\u00fa, 10 mar (PL) La canciller\u00eda rusa demand\u00f3 hoy a la Uni\u00f3n Europea (UE) explicaci\u00f3n sobre la virtual creaci\u00f3n de un ej\u00e9rcito unificado que apunte a Rusia, mientras la OTAN se aproxima a sus fronteras en se\u00f1al de amenaza. <\/span><\/p>\n<\/p>\n<p><span class=\"text1noticias\">El vicecanciller Alex\u00e9i Meshkov dijo que la UE deb\u00eda precisar qu\u00e9 quiso decir exactamente el comisario Jean-Claude Juncker cuando p\u00fablicamente present\u00f3 esa idea.<\/span><\/p>\n<\/p>\n<p><span class=\"text1noticias\">Seg\u00fan Meshkov, los pol\u00edticos europeos a distintos niveles han planteado esa idea en los \u00faltimos 30 a\u00f1os, pero quisiera adivinar qu\u00e9 tuvo en cuenta Juncker ahora, expres\u00f3 el diplom\u00e1tico, al comentar sobre el tema que genera suspicacias en Mosc\u00fa.<\/span><\/p>\n<\/p>\n<p><span class=\"text1noticias\">El presidente de la Comisi\u00f3n Europea afirm\u00f3 recientemente en entrevista concedida a un diario alem\u00e1n que el viejo continente necesitaba un ej\u00e9rcito propio, para \u00abque entre otros objetivos, apunte a Rusia y haga a la UE m\u00e1s fuerte\u00bb, pero sin competir con la OTAN.<\/span><\/p>\n<\/p>\n<p><span class=\"text1noticias\">Un ej\u00e9rcito unificado deb\u00eda trazar una pol\u00edtica exterior y de seguridad com\u00fan, lo cual permitir\u00eda a Europa \u00abtomar m\u00e1s participaci\u00f3n con responsabilidad por los acontecimientos en el mundo\u00bb, adujo Juncker.<\/span><\/p>\n<\/p>\n<p><span class=\"text1noticias\">De acuerdo con el peri\u00f3dico Welt am Sonntag, la idea es respaldada por pol\u00edticos europeos, en particular la ministra de Defensa de Alemania, Ursula von der Leyen, quien consider\u00f3 necesario y pertinente la existencia de unas fuerzas armadas europeas.<\/span><\/p>\n<\/p>\n<p><span class=\"text1noticias\">La prensa rusa recuerda que la mayor\u00eda de los estados de la UE son miembros de la OTAN y est\u00e1n bajo un mando \u00fanico, como regla, de un general estadounidense, a saber Philip Breedlove, al frente hoy de las fuerzas armadas aliadas en Europa.<\/span><\/p>\n<\/p>\n<p><span class=\"text1noticias\">En Mosc\u00fa, el canciller Serguei Lavrov advirti\u00f3 este martes que la expansi\u00f3n de la actividad militar de la Organizaci\u00f3n del Tratado del Atl\u00e1ntico Norte cerca de las fronteras rusas socava un virtual restablecimiento de la confianza de Mosc\u00fa hacia el bloque.<\/span><\/p>\n<\/p>\n<p><span class=\"text1noticias\">Indic\u00f3 Lavrov durante una rueda de prensa conjunta con su par espa\u00f1ol Jos\u00e9 Manuel Garcia-Margallo que la respuesta de su pa\u00eds ser\u00e1 adecuada, pero insisti\u00f3 en que la soluci\u00f3n de los problemas pasan por un di\u00e1logo de respeto y en condiciones de igualdad.<\/span><\/p>\n<\/p>\n<p><span class=\"text1noticias\">En general, Rusia celebrar\u00eda si cada pa\u00eds de la Uni\u00f3n Europea se guiara por sus intereses, sostuvo.<\/span><\/p>\n<h6> 2015-03-10 13:51:15 <\/h6>\n<p><!--\n<link rel=\"stylesheet\" href=\"css\/bootstrap.min.css\">\n\n\n<ul class=\"pagination\">\n\t    \n\t\n\n<li >\n\t<a href='?page_no=24700'>Previous<\/a>\n\t<\/li>\n\n\n       \n    \n\n<li><a href='?page_no=1'>1<\/a><\/li>\n\n\n\n<li><a href='?page_no=2'>2<\/a><\/li>\n\n\n\n<li><a>...<\/a><\/li>\n\n\n\n<li><a href='?page_no=24699'>24699<\/a><\/li>\n\n\n\n<li><a href='?page_no=24700'>24700<\/a><\/li>\n\n\n\n<li class='active'><a>24701<\/a><\/li>\n\n\n\n<li><a href='?page_no=24702'>24702<\/a><\/li>\n\n\n\n<li><a href='?page_no=24703'>24703<\/a><\/li>\n\n\n\n<li><a>...<\/a><\/li>\n\n\n\n<li><a href='?page_no=51012'>51012<\/a><\/li>\n\n\n\n<li><a href='?page_no=51013'>51013<\/a><\/li>\n\n    \n\t\n\n<li >\n\t<a href='?page_no=24702'>Next<\/a>\n\t<\/li>\n\n\n    \n\n<li><a href='?page_no=51013'>Last &rsaquo;&rsaquo;<\/a><\/li>\n\n<\/ul>\n\n\n--><br \/>\n<\/body><\/p>\n","protected":false},"excerpt":{"rendered":"<p>Mosc\u00fa, 10 mar (PL) La canciller\u00eda rusa demand\u00f3 hoy a la Uni\u00f3n Europea (UE) explicaci\u00f3n sobre la virtual creaci\u00f3n de un ej\u00e9rcito unificado que apunte a Rusia, mientras la OTAN se aproxima a sus fronteras en se\u00f1al de amenaza. El vicecanciller Alex\u00e9i Meshkov dijo que la UE deb\u00eda precisar qu\u00e9 quiso decir exactamente el comisario [&hellip;]<\/p>\n","protected":false},"author":3,"featured_media":0,"comment_status":"open","ping_status":"open","sticky":false,"template":"","format":"standard","meta":{"footnotes":""},"categories":[23],"tags":[],"class_list":["post-255056","post","type-post","status-publish","format-standard","hentry","category-internacional"],"_links":{"self":[{"href":"https:\/\/diariodominicano.com\/index.php?rest_route=\/wp\/v2\/posts\/255056","targetHints":{"allow":["GET"]}}],"collection":[{"href":"https:\/\/diariodominicano.com\/index.php?rest_route=\/wp\/v2\/posts"}],"about":[{"href":"https:\/\/diariodominicano.com\/index.php?rest_route=\/wp\/v2\/types\/post"}],"author":[{"embeddable":true,"href":"https:\/\/diariodominicano.com\/index.php?rest_route=\/wp\/v2\/users\/3"}],"replies":[{"embeddable":true,"href":"https:\/\/diariodominicano.com\/index.php?rest_route=%2Fwp%2Fv2%2Fcomments&post=255056"}],"version-history":[{"count":0,"href":"https:\/\/diariodominicano.com\/index.php?rest_route=\/wp\/v2\/posts\/255056\/revisions"}],"wp:attachment":[{"href":"https:\/\/diariodominicano.com\/index.php?rest_route=%2Fwp%2Fv2%2Fmedia&parent=255056"}],"wp:term":[{"taxonomy":"category","embeddable":true,"href":"https:\/\/diariodominicano.com\/index.php?rest_route=%2Fwp%2Fv2%2Fcategories&post=255056"},{"taxonomy":"post_tag","embeddable":true,"href":"https:\/\/diariodominicano.com\/index.php?rest_route=%2Fwp%2Fv2%2Ftags&post=255056"}],"curies":[{"name":"wp","href":"https:\/\/api.w.org\/{rel}","templated":true}]}}