{"id":255055,"date":"2015-03-10T13:58:32","date_gmt":"2015-03-10T13:58:32","guid":{"rendered":"http:\/\/diariodominicano.ddns.net\/?p=255055"},"modified":"2015-03-10T13:58:32","modified_gmt":"2015-03-10T13:58:32","slug":"secretario-general-de-la-liga-arabe-apoya-formacion-de-fuerza-militar","status":"publish","type":"post","link":"https:\/\/diariodominicano.com\/?p=255055","title":{"rendered":"&#13;&#13;Secretario general de la Liga \u00c1rabe apoya formaci\u00f3n de fuerza militar"},"content":{"rendered":"<p><body><\/p>\n<p><img decoding=\"async\" src=\"img3\/cumbre-liga-arabe.jpg\" \/>  <\/p>\n<p><span class=\"text1noticias\">\t\t\t<\/span><\/p>\n<p><span class=\"text1noticias\">  <\/span><\/p>\n<\/p>\n<p><span class=\"text1noticias\">El Cairo, 10 mar (PL) La formaci\u00f3n de una fuerza militar contra el terrorismo, preconizada por Egipto, recibi\u00f3 el espaldarazo del secretario general de la Liga Arabe (LPA), Nabil el Arabi, informa hoy un comunicado del ente.<\/span><\/p>\n<\/p>\n<p><span class=\"text1noticias\">Existe una necesidad esencial de de establecer una fuerza militar conjunta para apoyar misiones de paz y la protecci\u00f3n de civiles, en particular contra el terrorismo, dijo el Arabi en la reuni\u00f3n de cancilleres que culmin\u00f3 anoche tarde en la sede central de la agrupaci\u00f3n en esta capital.<\/span><\/p>\n<\/p>\n<p><span class=\"text1noticias\">Aclar\u00f3 que el despliegue de de una fuerza semejante deber\u00e1 atenerse a los principios de las carta de la LPA y de la ONU y regirse por las resoluciones y la ley internacionales.<\/span><\/p>\n<\/p>\n<p><span class=\"text1noticias\">La propuesta fue presentada el mes pasado por el presidente egipcio, Abdel Fattah El Sisi, tras la decapitaci\u00f3n en Libia de 20 cristianos egipcios y el s\u00fabdito de un pa\u00eds africano a\u00fan sin identificar.<\/span><\/p>\n<\/p>\n<p><span class=\"text1noticias\">El hecho fue reivindicado por Estado Isl\u00e1mico (EI), el movimiento que ocupa zonas en Iraq y Siria y tiene adeptos en pa\u00edses del norte y el sur de Africa y la pen\u00ednsula Ar\u00e1biga, y fue respondido por Egipto con un bombardeo a bases y arsenales de los islamistas en la ciudad oriental libia de Derna.<\/span><\/p>\n<\/p>\n<p><span class=\"text1noticias\">La propuesta ser\u00e1 uno de los temas de la agenda de la Cumbre Arabe programada para fines de este mes en la ciudad egipcia de Charm El Cheij.<\/span><\/p>\n<\/p>\n<p><span class=\"text1noticias\">El encuentro ministerial pan\u00e1rabe de este viernes, pasoprevio a la reuni\u00f3n cimera, examin\u00f3 adem\u00e1s las crisis pol\u00edticas en Libia, Yemen y Sud\u00e1n y la situaci\u00f3n actual del conflicto palestino-israel\u00ed, seg\u00fan el comunicado de la agrupaci\u00f3n.<\/span><\/p>\n<h6> 2015-03-10 13:58:32 <\/h6>\n<p><!--\n<link rel=\"stylesheet\" href=\"css\/bootstrap.min.css\">\n\n\n<ul class=\"pagination\">\n\t    \n\t\n\n<li >\n\t<a href='?page_no=24699'>Previous<\/a>\n\t<\/li>\n\n\n       \n    \n\n<li><a href='?page_no=1'>1<\/a><\/li>\n\n\n\n<li><a href='?page_no=2'>2<\/a><\/li>\n\n\n\n<li><a>...<\/a><\/li>\n\n\n\n<li><a href='?page_no=24698'>24698<\/a><\/li>\n\n\n\n<li><a href='?page_no=24699'>24699<\/a><\/li>\n\n\n\n<li class='active'><a>24700<\/a><\/li>\n\n\n\n<li><a href='?page_no=24701'>24701<\/a><\/li>\n\n\n\n<li><a href='?page_no=24702'>24702<\/a><\/li>\n\n\n\n<li><a>...<\/a><\/li>\n\n\n\n<li><a href='?page_no=51012'>51012<\/a><\/li>\n\n\n\n<li><a href='?page_no=51013'>51013<\/a><\/li>\n\n    \n\t\n\n<li >\n\t<a href='?page_no=24701'>Next<\/a>\n\t<\/li>\n\n\n    \n\n<li><a href='?page_no=51013'>Last &rsaquo;&rsaquo;<\/a><\/li>\n\n<\/ul>\n\n\n--><br \/>\n<\/body><\/p>\n","protected":false},"excerpt":{"rendered":"<p>El Cairo, 10 mar (PL) La formaci\u00f3n de una fuerza militar contra el terrorismo, preconizada por Egipto, recibi\u00f3 el espaldarazo del secretario general de la Liga Arabe (LPA), Nabil el Arabi, informa hoy un comunicado del ente. Existe una necesidad esencial de de establecer una fuerza militar conjunta para apoyar misiones de paz y la [&hellip;]<\/p>\n","protected":false},"author":3,"featured_media":0,"comment_status":"open","ping_status":"open","sticky":false,"template":"","format":"standard","meta":{"footnotes":""},"categories":[23],"tags":[],"class_list":["post-255055","post","type-post","status-publish","format-standard","hentry","category-internacional"],"_links":{"self":[{"href":"https:\/\/diariodominicano.com\/index.php?rest_route=\/wp\/v2\/posts\/255055","targetHints":{"allow":["GET"]}}],"collection":[{"href":"https:\/\/diariodominicano.com\/index.php?rest_route=\/wp\/v2\/posts"}],"about":[{"href":"https:\/\/diariodominicano.com\/index.php?rest_route=\/wp\/v2\/types\/post"}],"author":[{"embeddable":true,"href":"https:\/\/diariodominicano.com\/index.php?rest_route=\/wp\/v2\/users\/3"}],"replies":[{"embeddable":true,"href":"https:\/\/diariodominicano.com\/index.php?rest_route=%2Fwp%2Fv2%2Fcomments&post=255055"}],"version-history":[{"count":0,"href":"https:\/\/diariodominicano.com\/index.php?rest_route=\/wp\/v2\/posts\/255055\/revisions"}],"wp:attachment":[{"href":"https:\/\/diariodominicano.com\/index.php?rest_route=%2Fwp%2Fv2%2Fmedia&parent=255055"}],"wp:term":[{"taxonomy":"category","embeddable":true,"href":"https:\/\/diariodominicano.com\/index.php?rest_route=%2Fwp%2Fv2%2Fcategories&post=255055"},{"taxonomy":"post_tag","embeddable":true,"href":"https:\/\/diariodominicano.com\/index.php?rest_route=%2Fwp%2Fv2%2Ftags&post=255055"}],"curies":[{"name":"wp","href":"https:\/\/api.w.org\/{rel}","templated":true}]}}