{"id":255051,"date":"2015-03-10T14:13:13","date_gmt":"2015-03-10T14:13:13","guid":{"rendered":"http:\/\/diariodominicano.ddns.net\/?p=255051"},"modified":"2015-03-10T14:13:13","modified_gmt":"2015-03-10T14:13:13","slug":"canciller-sirio-recibe-a-comisionado-general-de-refugiados-de-la-onu","status":"publish","type":"post","link":"https:\/\/diariodominicano.com\/?p=255051","title":{"rendered":"&#13;&#13;Canciller sirio recibe a comisionado general de refugiados de la ONU"},"content":{"rendered":"<p><body><\/p>\n<p><img decoding=\"async\" src=\"img3\/siria_canciller-walid-al-moallem.jpg\" \/>  <\/p>\n<p><span class=\"text1noticias\">\t\t<\/span><\/p>\n<p><span class=\"text1noticias\">  <\/span><\/p>\n<\/p>\n<p><span class=\"text1noticias\">Damasco, 10 mar (PL) El viceprimer ministro y canciller sirio, Walid al-Moalem, y el comisionado general de la Agencia de Naciones Unidas para la Ayuda a los Refugiados de Palestina (UNRW), Pier Crinbul, se reunieron aqu\u00ed para tratar asuntos de inter\u00e9s com\u00fan.<\/span><\/p>\n<\/p>\n<p><span class=\"text1noticias\">Al-Moallen y Crinbul sostuvieron un encuentro la v\u00edspera, donde debatieron acerca de las relaciones y la cooperaci\u00f3n mutua entre la agencia internacional y el gobierno sirio.<\/span><\/p>\n<\/p>\n<p><span class=\"text1noticias\">Seg\u00fan cifras aportadas por organismos internacionales, en este pa\u00eds \u00e1rabe viven cerca de 519 mil refugiados palestinos, destacando el campamento de Yarmouk, al sur de Damasco.<\/span><\/p>\n<\/p>\n<p><span class=\"text1noticias\">En la reuni\u00f3n, el viceprimer ministro sirio explic\u00f3 que su pa\u00eds ha proporcionado asistencia al pueblo palestino durante mucho tiempo y mantiene su fraterna posici\u00f3n, a pesar de la embestida terrorista que enfrenta desde hace cuatro a\u00f1os.<\/span><\/p>\n<\/p>\n<p><span class=\"text1noticias\">Por su parte, el representante de la ONU expres\u00f3 su agradecimiento a las autoridades sirias por su apoyo continuo al trabajo de la UNRW en los campos de refugiados.<\/span><\/p>\n<\/p>\n<p><span class=\"text1noticias\">Crinbul afirm\u00f3 adem\u00e1s, que la agencia trabajar\u00e1 para fortalecer las buenas relaciones y la confianza mutua entre la ONU y la parte siria, en el tratamiento a los refugiados.<\/span><\/p>\n<\/p>\n<p><span class=\"text1noticias\">En el encuentro estuvieron presentes el viceministro de Relaciones Exteriores, Faisal al-Mekdad; el director del departamento de Organizaciones Internacionales de la canciller\u00eda, Ghassan Obeid, y Ahmad Arnous, asesor del vicecanciller.<\/span><\/p>\n<h6> 2015-03-10 14:13:13 <\/h6>\n<p><!--\n<link rel=\"stylesheet\" href=\"css\/bootstrap.min.css\">\n\n\n<ul class=\"pagination\">\n\t    \n\t\n\n<li >\n\t<a href='?page_no=24695'>Previous<\/a>\n\t<\/li>\n\n\n       \n    \n\n<li><a href='?page_no=1'>1<\/a><\/li>\n\n\n\n<li><a href='?page_no=2'>2<\/a><\/li>\n\n\n\n<li><a>...<\/a><\/li>\n\n\n\n<li><a href='?page_no=24694'>24694<\/a><\/li>\n\n\n\n<li><a href='?page_no=24695'>24695<\/a><\/li>\n\n\n\n<li class='active'><a>24696<\/a><\/li>\n\n\n\n<li><a href='?page_no=24697'>24697<\/a><\/li>\n\n\n\n<li><a href='?page_no=24698'>24698<\/a><\/li>\n\n\n\n<li><a>...<\/a><\/li>\n\n\n\n<li><a href='?page_no=51012'>51012<\/a><\/li>\n\n\n\n<li><a href='?page_no=51013'>51013<\/a><\/li>\n\n    \n\t\n\n<li >\n\t<a href='?page_no=24697'>Next<\/a>\n\t<\/li>\n\n\n    \n\n<li><a href='?page_no=51013'>Last &rsaquo;&rsaquo;<\/a><\/li>\n\n<\/ul>\n\n\n--><br \/>\n<\/body><\/p>\n","protected":false},"excerpt":{"rendered":"<p>Damasco, 10 mar (PL) El viceprimer ministro y canciller sirio, Walid al-Moalem, y el comisionado general de la Agencia de Naciones Unidas para la Ayuda a los Refugiados de Palestina (UNRW), Pier Crinbul, se reunieron aqu\u00ed para tratar asuntos de inter\u00e9s com\u00fan. Al-Moallen y Crinbul sostuvieron un encuentro la v\u00edspera, donde debatieron acerca de las [&hellip;]<\/p>\n","protected":false},"author":3,"featured_media":0,"comment_status":"open","ping_status":"open","sticky":false,"template":"","format":"standard","meta":{"footnotes":""},"categories":[23],"tags":[],"class_list":["post-255051","post","type-post","status-publish","format-standard","hentry","category-internacional"],"_links":{"self":[{"href":"https:\/\/diariodominicano.com\/index.php?rest_route=\/wp\/v2\/posts\/255051","targetHints":{"allow":["GET"]}}],"collection":[{"href":"https:\/\/diariodominicano.com\/index.php?rest_route=\/wp\/v2\/posts"}],"about":[{"href":"https:\/\/diariodominicano.com\/index.php?rest_route=\/wp\/v2\/types\/post"}],"author":[{"embeddable":true,"href":"https:\/\/diariodominicano.com\/index.php?rest_route=\/wp\/v2\/users\/3"}],"replies":[{"embeddable":true,"href":"https:\/\/diariodominicano.com\/index.php?rest_route=%2Fwp%2Fv2%2Fcomments&post=255051"}],"version-history":[{"count":0,"href":"https:\/\/diariodominicano.com\/index.php?rest_route=\/wp\/v2\/posts\/255051\/revisions"}],"wp:attachment":[{"href":"https:\/\/diariodominicano.com\/index.php?rest_route=%2Fwp%2Fv2%2Fmedia&parent=255051"}],"wp:term":[{"taxonomy":"category","embeddable":true,"href":"https:\/\/diariodominicano.com\/index.php?rest_route=%2Fwp%2Fv2%2Fcategories&post=255051"},{"taxonomy":"post_tag","embeddable":true,"href":"https:\/\/diariodominicano.com\/index.php?rest_route=%2Fwp%2Fv2%2Ftags&post=255051"}],"curies":[{"name":"wp","href":"https:\/\/api.w.org\/{rel}","templated":true}]}}