{"id":255050,"date":"2015-03-10T20:50:05","date_gmt":"2015-03-10T20:50:05","guid":{"rendered":"http:\/\/diariodominicano.ddns.net\/?p=255050"},"modified":"2015-03-10T20:50:05","modified_gmt":"2015-03-10T20:50:05","slug":"sismo-de-magnitud-6-registrado-en-colombia-se-siente-en-occidente-de-venezuela","status":"publish","type":"post","link":"https:\/\/diariodominicano.com\/?p=255050","title":{"rendered":"Sismo de magnitud 6 registrado en Colombia se siente en occidente de Venezuela"},"content":{"rendered":"<p><body><\/p>\n<p><img decoding=\"async\" src=\"img3\/Sismo2t.jpg\" \/>  <\/p>\n<p><span class=\"text1noticias\">CARACAS, 10 mar (Xinhua) &#8212; La presidenta de la Fundaci\u00f3n Venezolana de Investigaciones Sismol\u00f3gicas (FUNVISIS), Aura Fern\u00e1ndez, ofreci\u00f3 detalles del sismo de magnitud 6 sentido durante la tarde de este martes en el occidente de Venezuela, con mayor fuerza en el estado andino de T\u00e1chira.<\/span><\/p>\n<p><span class=\"text1noticias\"> <\/span><\/p>\n<p><span class=\"text1noticias\">Fern\u00e1ndez detall\u00f3 que el movimiento tel\u00farico se produjo a las 16:25 con epicentro en Bucaramanga, Colombia, 139 kil\u00f3metros al suroeste de San Crist\u00f3bal, capital tachirense.<\/span><\/p>\n<p><span class=\"text1noticias\"> <\/span><\/p>\n<p><span class=\"text1noticias\">Asimismo, inform\u00f3 que \u00abse espera que puedan ocurrir r\u00e9plicas de menos magnitud\u00bb, por lo que inst\u00f3 a la ciudadan\u00eda a tomar las precauciones correspondientes y cooperar con los organismos que desarrollan labores de evacuaci\u00f3n.<\/span><\/p>\n<p><span class=\"text1noticias\"> <\/span><\/p>\n<p><span class=\"text1noticias\">Se\u00f1al\u00f3 la presidenta de FUNVISIS que este tipo de eventos son comunes en este territorio, y record\u00f3 que Venezuela \u00abes un pa\u00eds s\u00edsmico\u00bb, por lo que exhort\u00f3 a la poblaci\u00f3n a mantenerse informada de los protocolos de seguridad que deben regir la actuaci\u00f3n social ante movimientos tel\u00faricos.<\/span><\/p>\n<p><span class=\"text1noticias\"> <\/span><\/p>\n<p><span class=\"text1noticias\">Por su parte, el gobernador del estado T\u00e1chira, Jos\u00e9 Vielma Mora, se pronunci\u00f3 a trav\u00e9s de su cuenta virtual en la red social Twitter indicando que se emprende en esta entidad venezolana \u00abel desalojo preventivo de edificios\u00bb.<\/span><\/p>\n<p><span class=\"text1noticias\"> <\/span><\/p>\n<p><span class=\"text1noticias\">La autoridad regional hizo un llamado a la calma, y destac\u00f3 el accionar de la polic\u00eda regional en el monitoreo permanente de las diversas localidades que pudieron verse afectadas por el sismo. <\/span><\/p>\n<p><span class=\"text1noticias\"> <\/span><\/p>\n<p><span class=\"text1noticias\">Presidente colombiano <\/span><\/p>\n<p><span class=\"text1noticias\">El presidente de Colombia, Juan Manuel Santos, a trav\u00e9s de su cuenta de Twitter, comunic\u00f3 que hasta el momento no se registran v\u00edctimas por el temblor que se sinti\u00f3 esta tarde en gran parte del territorio nacional, incluida la capital, en donde varios edificios del norte y del centro fueron evacuados.<\/span><\/p>\n<p><span class=\"text1noticias\"> <\/span><\/p>\n<p><span class=\"text1noticias\">\u00abAcabo de hablar con Gesti\u00f3n del Riesgo UNGRD. Por ahora no hay personas afectadas por sismo sentido en todo el pa\u00eds. Continuamos en alerta\u00bb, escribi\u00f3 el mandatario en la red social.<\/span><\/p>\n<p><span class=\"text1noticias\"> <\/span><\/p>\n<p><span class=\"text1noticias\">De acuerdo con el  Servicio Geol\u00f3gico de Estados Unidos (USGS, por sus siglas en ingl\u00e9s) el temblor de 6,2 grados en la escala de Richter y con 147,2 kil\u00f3metros de profundidad ocurri\u00f3 a las 15:55:43 hora local a 14 kil\u00f3metros de Aratoca en el departamento de Santander (noreste).<\/span><\/p>\n<p><span class=\"text1noticias\"> <\/span><\/p>\n<p><span class=\"text1noticias\">Marta Luc\u00eda Calvache, directora t\u00e9cnica de Amenazas de Ingeominas, explic\u00f3 que debido a la profundidad del sismo, es posible que no se reporten da\u00f1os de consideraci\u00f3n a pesar de que el movimiento se sinti\u00f3 con fuerza en Bucaramanga, Medell\u00edn, Manizales, Bogot\u00e1,Costa Atl\u00e1ntica, todo el departamento de Boyac\u00e1 y en la frontera con Venezuela.<\/span><\/p>\n<p><span class=\"text1noticias\"> <\/span><\/p>\n<p><span class=\"text1noticias\">\u00abEn general cuando son tan profundos es mas dif\u00edcil que se den esas r\u00e9plicas. Tambi\u00e9n por la profundidad podemos esperar que no haya muchos da\u00f1os\u00bb, dijo la funcionaria sobre el temblor que dejo hasta el momento, dos torres el\u00e9ctricas ca\u00eddas en Santander y aver\u00edas menores en algunas construcciones del occidente de Bogot\u00e1.<\/span><\/p>\n<p><span class=\"text1noticias\"> <\/span><\/p>\n<p><span class=\"text1noticias\">Autoridades contin\u00faan realizando un monitoreo para identificar posibles heridos o da\u00f1os materiales como consecuencia del movimiento tel\u00farico que caus\u00f3 p\u00e1nico y gran congesti\u00f3n en el servicio de telefon\u00eda m\u00f3vil <\/span>en el pa\u00eds.<\/p>\n<h6> 2015-03-10 20:50:05 <\/h6>\n<p><!--\n<link rel=\"stylesheet\" href=\"css\/bootstrap.min.css\">\n\n\n<ul class=\"pagination\">\n\t    \n\t\n\n<li >\n\t<a href='?page_no=24694'>Previous<\/a>\n\t<\/li>\n\n\n       \n    \n\n<li><a href='?page_no=1'>1<\/a><\/li>\n\n\n\n<li><a href='?page_no=2'>2<\/a><\/li>\n\n\n\n<li><a>...<\/a><\/li>\n\n\n\n<li><a href='?page_no=24693'>24693<\/a><\/li>\n\n\n\n<li><a href='?page_no=24694'>24694<\/a><\/li>\n\n\n\n<li class='active'><a>24695<\/a><\/li>\n\n\n\n<li><a href='?page_no=24696'>24696<\/a><\/li>\n\n\n\n<li><a href='?page_no=24697'>24697<\/a><\/li>\n\n\n\n<li><a>...<\/a><\/li>\n\n\n\n<li><a href='?page_no=51012'>51012<\/a><\/li>\n\n\n\n<li><a href='?page_no=51013'>51013<\/a><\/li>\n\n    \n\t\n\n<li >\n\t<a href='?page_no=24696'>Next<\/a>\n\t<\/li>\n\n\n    \n\n<li><a href='?page_no=51013'>Last &rsaquo;&rsaquo;<\/a><\/li>\n\n<\/ul>\n\n\n--><br \/>\n<\/body><\/p>\n","protected":false},"excerpt":{"rendered":"<p>CARACAS, 10 mar (Xinhua) &#8212; La presidenta de la Fundaci\u00f3n Venezolana de Investigaciones Sismol\u00f3gicas (FUNVISIS), Aura Fern\u00e1ndez, ofreci\u00f3 detalles del sismo de magnitud 6 sentido durante la tarde de este martes en el occidente de Venezuela, con mayor fuerza en el estado andino de T\u00e1chira. Fern\u00e1ndez detall\u00f3 que el movimiento tel\u00farico se produjo a las [&hellip;]<\/p>\n","protected":false},"author":3,"featured_media":0,"comment_status":"open","ping_status":"open","sticky":false,"template":"","format":"standard","meta":{"footnotes":""},"categories":[23],"tags":[],"class_list":["post-255050","post","type-post","status-publish","format-standard","hentry","category-internacional"],"_links":{"self":[{"href":"https:\/\/diariodominicano.com\/index.php?rest_route=\/wp\/v2\/posts\/255050","targetHints":{"allow":["GET"]}}],"collection":[{"href":"https:\/\/diariodominicano.com\/index.php?rest_route=\/wp\/v2\/posts"}],"about":[{"href":"https:\/\/diariodominicano.com\/index.php?rest_route=\/wp\/v2\/types\/post"}],"author":[{"embeddable":true,"href":"https:\/\/diariodominicano.com\/index.php?rest_route=\/wp\/v2\/users\/3"}],"replies":[{"embeddable":true,"href":"https:\/\/diariodominicano.com\/index.php?rest_route=%2Fwp%2Fv2%2Fcomments&post=255050"}],"version-history":[{"count":0,"href":"https:\/\/diariodominicano.com\/index.php?rest_route=\/wp\/v2\/posts\/255050\/revisions"}],"wp:attachment":[{"href":"https:\/\/diariodominicano.com\/index.php?rest_route=%2Fwp%2Fv2%2Fmedia&parent=255050"}],"wp:term":[{"taxonomy":"category","embeddable":true,"href":"https:\/\/diariodominicano.com\/index.php?rest_route=%2Fwp%2Fv2%2Fcategories&post=255050"},{"taxonomy":"post_tag","embeddable":true,"href":"https:\/\/diariodominicano.com\/index.php?rest_route=%2Fwp%2Fv2%2Ftags&post=255050"}],"curies":[{"name":"wp","href":"https:\/\/api.w.org\/{rel}","templated":true}]}}