{"id":255047,"date":"2015-03-10T21:37:59","date_gmt":"2015-03-10T21:37:59","guid":{"rendered":"http:\/\/diariodominicano.ddns.net\/?p=255047"},"modified":"2015-03-10T21:37:59","modified_gmt":"2015-03-10T21:37:59","slug":"empresarios-afirman-movilizaciones-causan-perdidas-economicas-en-haiti","status":"publish","type":"post","link":"https:\/\/diariodominicano.com\/?p=255047","title":{"rendered":"Empresarios afirman movilizaciones causan p\u00e9rdidas econ\u00f3micas en Hait\u00ed"},"content":{"rendered":"<p><body><\/p>\n<p><span class=\"text1noticias\">Haiti, 10 mar (Xinhua) &#8212; Las constantes huelgas y movilizaciones que se registran en Hait\u00ed han causado enormes p\u00e9rdidas econ\u00f3micas, afirm\u00f3 el Foro Econ\u00f3mico del Sector Privado que agrupa a las principales organizaciones empresariales del pa\u00eds.<\/span><\/p>\n<p><span class=\"text1noticias\"> <\/span><\/p>\n<p><span class=\"text1noticias\">La entidad que integra a las empresas haitianas y a las c\u00e1maras de comercio expres\u00f3 en la ciudad de Puerto Pr\u00edncipe (capital) su \u00abprofunda preocupaci\u00f3n\u00bb por los efectos que tienen estas manifestaciones en la econom\u00eda del pa\u00eds.<\/span><\/p>\n<p><span class=\"text1noticias\"> <\/span><\/p>\n<p><span class=\"text1noticias\">El reclamo de los empresarios haitianos se produce el mismo d\u00eda en que la oposici\u00f3n concluy\u00f3 el paro general de labores por 48 horas en la capital, en exigencia al gobierno de una reducci\u00f3n \u00absustancial\u00bb a los precios de los combustibles.<\/span><\/p>\n<p><span class=\"text1noticias\"> <\/span><\/p>\n<p><span class=\"text1noticias\">El Foro Econ\u00f3mico tambi\u00e9n \u00abdeplor\u00f3\u00bb los ataques contra la propiedad p\u00fablica y privada, as\u00ed como la destrucci\u00f3n del patrimonio civil y econ\u00f3mico de Hait\u00ed.<\/span><\/p>\n<p><span class=\"text1noticias\"> <\/span><\/p>\n<p><span class=\"text1noticias\">Conden\u00f3 \u00abtodas las formas de llamado e incitaci\u00f3n a la violencia\u00bb, porque \u00abdeterioran\u00bb a la sociedad y afectan el ambiente de negocios en la naci\u00f3n.<\/span><\/p>\n<p><span class=\"text1noticias\"> <\/span><\/p>\n<p><span class=\"text1noticias\">El organismo reconoci\u00f3, no obstante, el derecho de todo ciudadano a protestar dentro del marco legal.  <\/span><\/p>\n<p><span class=\"text1noticias\">Inst\u00f3 a las autoridades a tomar medidas que garanticen la estabilidad y la paz, \u00abcrucial para fomentar el crecimiento\u00bb econ\u00f3mico y la creaci\u00f3n de puestos de trabajo.<\/span><\/p>\n<p><span class=\"text1noticias\"> <\/span><\/p>\n<p><span class=\"text1noticias\">Decenas de manifestaciones se han registrado en el pa\u00eds desde octubre de 2014, cuando el gobierno aument\u00f3 los precios de los combustibles.<\/span><\/p>\n<p><span class=\"text1noticias\"> <\/span><\/p>\n<p><span class=\"text1noticias\">En 2014, el subsidio gubernamental a los productos derivados del petr\u00f3leo super\u00f3 los 978 millones de gourdes (unos 22,8 millones de d\u00f3lares).<\/span><\/p>\n<p><span class=\"text1noticias\"> <\/span><\/p>\n<p><span class=\"text1noticias\">El precio de la gasolina ha pasado en la actualidad de 215 a 195 gourdes (4,14 d\u00f3lares) por gal\u00f3n (cuatro litros).<\/span><\/p>\n<p><span class=\"text1noticias\">A su vez, el precio del gal\u00f3n de di\u00e9sel baj\u00f3 de 177 a 157 gourdes (3,34 d\u00f3lares), mientras que el de keroseno pas\u00f3 de 171 a 156 gourdes (3,32 d\u00f3lares).<\/span><\/p>\n<p><span class=\"text1noticias\"> <\/span><\/p>\n<p><span class=\"text1noticias\">Actualmente, el salario m\u00ednimo en Hait\u00ed es de 225 gourdes (5,2 d\u00f3lares) al d\u00eda, al tiempo que los sindicatos proponen aumentarlo hasta 320 gourdes (6,80 d\u00f3lares) seg\u00fan la c<\/span>ategor\u00eda.<\/p>\n<h6> 2015-03-10 21:37:59 <\/h6>\n<p><!--\n<link rel=\"stylesheet\" href=\"css\/bootstrap.min.css\">\n\n\n<ul class=\"pagination\">\n\t    \n\t\n\n<li >\n\t<a href='?page_no=24691'>Previous<\/a>\n\t<\/li>\n\n\n       \n    \n\n<li><a href='?page_no=1'>1<\/a><\/li>\n\n\n\n<li><a href='?page_no=2'>2<\/a><\/li>\n\n\n\n<li><a>...<\/a><\/li>\n\n\n\n<li><a href='?page_no=24690'>24690<\/a><\/li>\n\n\n\n<li><a href='?page_no=24691'>24691<\/a><\/li>\n\n\n\n<li class='active'><a>24692<\/a><\/li>\n\n\n\n<li><a href='?page_no=24693'>24693<\/a><\/li>\n\n\n\n<li><a href='?page_no=24694'>24694<\/a><\/li>\n\n\n\n<li><a>...<\/a><\/li>\n\n\n\n<li><a href='?page_no=51012'>51012<\/a><\/li>\n\n\n\n<li><a href='?page_no=51013'>51013<\/a><\/li>\n\n    \n\t\n\n<li >\n\t<a href='?page_no=24693'>Next<\/a>\n\t<\/li>\n\n\n    \n\n<li><a href='?page_no=51013'>Last &rsaquo;&rsaquo;<\/a><\/li>\n\n<\/ul>\n\n\n--><br \/>\n<\/body><\/p>\n","protected":false},"excerpt":{"rendered":"<p>Haiti, 10 mar (Xinhua) &#8212; Las constantes huelgas y movilizaciones que se registran en Hait\u00ed han causado enormes p\u00e9rdidas econ\u00f3micas, afirm\u00f3 el Foro Econ\u00f3mico del Sector Privado que agrupa a las principales organizaciones empresariales del pa\u00eds. La entidad que integra a las empresas haitianas y a las c\u00e1maras de comercio expres\u00f3 en la ciudad de [&hellip;]<\/p>\n","protected":false},"author":3,"featured_media":0,"comment_status":"open","ping_status":"open","sticky":false,"template":"","format":"standard","meta":{"footnotes":""},"categories":[23],"tags":[],"class_list":["post-255047","post","type-post","status-publish","format-standard","hentry","category-internacional"],"_links":{"self":[{"href":"https:\/\/diariodominicano.com\/index.php?rest_route=\/wp\/v2\/posts\/255047","targetHints":{"allow":["GET"]}}],"collection":[{"href":"https:\/\/diariodominicano.com\/index.php?rest_route=\/wp\/v2\/posts"}],"about":[{"href":"https:\/\/diariodominicano.com\/index.php?rest_route=\/wp\/v2\/types\/post"}],"author":[{"embeddable":true,"href":"https:\/\/diariodominicano.com\/index.php?rest_route=\/wp\/v2\/users\/3"}],"replies":[{"embeddable":true,"href":"https:\/\/diariodominicano.com\/index.php?rest_route=%2Fwp%2Fv2%2Fcomments&post=255047"}],"version-history":[{"count":0,"href":"https:\/\/diariodominicano.com\/index.php?rest_route=\/wp\/v2\/posts\/255047\/revisions"}],"wp:attachment":[{"href":"https:\/\/diariodominicano.com\/index.php?rest_route=%2Fwp%2Fv2%2Fmedia&parent=255047"}],"wp:term":[{"taxonomy":"category","embeddable":true,"href":"https:\/\/diariodominicano.com\/index.php?rest_route=%2Fwp%2Fv2%2Fcategories&post=255047"},{"taxonomy":"post_tag","embeddable":true,"href":"https:\/\/diariodominicano.com\/index.php?rest_route=%2Fwp%2Fv2%2Ftags&post=255047"}],"curies":[{"name":"wp","href":"https:\/\/api.w.org\/{rel}","templated":true}]}}