{"id":255045,"date":"2015-03-11T10:43:17","date_gmt":"2015-03-11T10:43:17","guid":{"rendered":"http:\/\/diariodominicano.ddns.net\/?p=255045"},"modified":"2015-03-11T10:43:17","modified_gmt":"2015-03-11T10:43:17","slug":"el-embajador-dominicano-se-presenta-oficialmente-ante-el-rey-de-espana","status":"publish","type":"post","link":"https:\/\/diariodominicano.com\/?p=255045","title":{"rendered":"El embajador dominicano se presenta oficialmente ante el rey de Espa\u00f1a"},"content":{"rendered":"<p><body><\/p>\n<p><img decoding=\"async\" src=\"img3\/emba 11.jpg\" \/>  <\/p>\n<p>El embajador dominicano se presenta oficialmente ante el rey de Espa\u00f1a<\/p>\n<p>Rep\u00fablica Dominicana es pa\u00eds prioritario para la cooperaci\u00f3n espa\u00f1ola<\/p>\n<\/p>\n<p>Madrid Espa\u00f1a 11 marzo.- El embajador de la Rep\u00fablica Dominicana en Espa\u00f1a, An\u00edbal de Castro, present\u00f3 hoy las cartas credenciales ante el rey Felipe VI de Espa\u00f1a en el Palacio Real de Madrid.<\/p>\n<\/p>\n<p>Tras los saludos protocolarios, el jefe del Estado espa\u00f1ol se reuni\u00f3 en una sala anexa con Castro, periodista y anterior representante diplom\u00e1tico dominicano en Estados Unidos, junto a quien repas\u00f3 las relaciones bilaterales.<\/p>\n<\/p>\n<p>Rep\u00fablica Dominicana es pa\u00eds prioritario para la cooperaci\u00f3n espa\u00f1ola, para el que Espa\u00f1a es adem\u00e1s uno de sus principales inversores y socios comerciales.<\/p>\n<\/p>\n<p>A continuaci\u00f3n, hicieron entrega de sus cartas credenciales los embajadores de Albania, Ridi Kurtezi; M\u00f3naco, Jean-Luc Marcel van Klaveren; Senegal, Abdou Salam Diallo; Sud\u00e1frica, Lulama Smuts Ngonyama; y de Etiop\u00eda, Nega Tsegaye Tessema.<\/p>\n<\/p>\n<p>La presentaci\u00f3n de cartas credenciales en Espa\u00f1a es una ceremonia que est\u00e1 sujeta a un vistoso protocolo, con carruajes de \u00e9poca que llevan a los nuevos embajadores desde el Ministerio de Asuntos Exteriores hasta el Palacio Real, donde son recibidos por la Guardia real, ataviados con coloridos uniformes.<\/p>\n<h6> 2015-03-11 10:43:17 <\/h6>\n<p><!--\n<link rel=\"stylesheet\" href=\"css\/bootstrap.min.css\">\n\n\n<ul class=\"pagination\">\n\t    \n\t\n\n<li >\n\t<a href='?page_no=24689'>Previous<\/a>\n\t<\/li>\n\n\n       \n    \n\n<li><a href='?page_no=1'>1<\/a><\/li>\n\n\n\n<li><a href='?page_no=2'>2<\/a><\/li>\n\n\n\n<li><a>...<\/a><\/li>\n\n\n\n<li><a href='?page_no=24688'>24688<\/a><\/li>\n\n\n\n<li><a href='?page_no=24689'>24689<\/a><\/li>\n\n\n\n<li class='active'><a>24690<\/a><\/li>\n\n\n\n<li><a href='?page_no=24691'>24691<\/a><\/li>\n\n\n\n<li><a href='?page_no=24692'>24692<\/a><\/li>\n\n\n\n<li><a>...<\/a><\/li>\n\n\n\n<li><a href='?page_no=51012'>51012<\/a><\/li>\n\n\n\n<li><a href='?page_no=51013'>51013<\/a><\/li>\n\n    \n\t\n\n<li >\n\t<a href='?page_no=24691'>Next<\/a>\n\t<\/li>\n\n\n    \n\n<li><a href='?page_no=51013'>Last &rsaquo;&rsaquo;<\/a><\/li>\n\n<\/ul>\n\n\n--><br \/>\n<\/body><\/p>\n","protected":false},"excerpt":{"rendered":"<p>El embajador dominicano se presenta oficialmente ante el rey de Espa\u00f1a Rep\u00fablica Dominicana es pa\u00eds prioritario para la cooperaci\u00f3n espa\u00f1ola Madrid Espa\u00f1a 11 marzo.- El embajador de la Rep\u00fablica Dominicana en Espa\u00f1a, An\u00edbal de Castro, present\u00f3 hoy las cartas credenciales ante el rey Felipe VI de Espa\u00f1a en el Palacio Real de Madrid. Tras los [&hellip;]<\/p>\n","protected":false},"author":3,"featured_media":0,"comment_status":"open","ping_status":"open","sticky":false,"template":"","format":"standard","meta":{"footnotes":""},"categories":[23],"tags":[],"class_list":["post-255045","post","type-post","status-publish","format-standard","hentry","category-internacional"],"_links":{"self":[{"href":"https:\/\/diariodominicano.com\/index.php?rest_route=\/wp\/v2\/posts\/255045","targetHints":{"allow":["GET"]}}],"collection":[{"href":"https:\/\/diariodominicano.com\/index.php?rest_route=\/wp\/v2\/posts"}],"about":[{"href":"https:\/\/diariodominicano.com\/index.php?rest_route=\/wp\/v2\/types\/post"}],"author":[{"embeddable":true,"href":"https:\/\/diariodominicano.com\/index.php?rest_route=\/wp\/v2\/users\/3"}],"replies":[{"embeddable":true,"href":"https:\/\/diariodominicano.com\/index.php?rest_route=%2Fwp%2Fv2%2Fcomments&post=255045"}],"version-history":[{"count":0,"href":"https:\/\/diariodominicano.com\/index.php?rest_route=\/wp\/v2\/posts\/255045\/revisions"}],"wp:attachment":[{"href":"https:\/\/diariodominicano.com\/index.php?rest_route=%2Fwp%2Fv2%2Fmedia&parent=255045"}],"wp:term":[{"taxonomy":"category","embeddable":true,"href":"https:\/\/diariodominicano.com\/index.php?rest_route=%2Fwp%2Fv2%2Fcategories&post=255045"},{"taxonomy":"post_tag","embeddable":true,"href":"https:\/\/diariodominicano.com\/index.php?rest_route=%2Fwp%2Fv2%2Ftags&post=255045"}],"curies":[{"name":"wp","href":"https:\/\/api.w.org\/{rel}","templated":true}]}}