{"id":255044,"date":"2015-03-11T10:55:02","date_gmt":"2015-03-11T10:55:02","guid":{"rendered":"http:\/\/diariodominicano.ddns.net\/?p=255044"},"modified":"2015-03-11T10:55:02","modified_gmt":"2015-03-11T10:55:02","slug":"ee-uu-da-por-muertos-a-once-militares-iban-en-helicoptero-accidentado","status":"publish","type":"post","link":"https:\/\/diariodominicano.com\/?p=255044","title":{"rendered":"EE UU da por muertos a once militares iban en helic\u00f3ptero accidentado"},"content":{"rendered":"<p><body><\/p>\n<p><img decoding=\"async\" src=\"img3\/heli 11.jpg\" \/>  <\/p>\n<\/p>\n<p>FLORIDA.- Las autoridades militares estadounidenses creen que los siete marines y cuatro soldados estadounidenses desaparecidos despu\u00e9s de que un helic\u00f3ptero de la Armada se estrellara en aguas del noroeste de Florida est\u00e1n muertos.<\/p>\n<\/p>\n<p>Medios nacionales estadounidenses se\u00f1alan que fuentes oficiales temen que los once militares est\u00e1n muertos, tras encontrar esta madrugada restos del helic\u00f3ptero, un Black Hawk.<\/p>\n<\/p>\n<p>El accidente se produjo anoche en la base de la Fuerza A\u00e9rea de Eglin, en la zona conocida como Panhandle, durante un entrenamiento en el Golfo de M\u00e9xico, cerca de las costas de Florida, en el sureste de Estados Unidos.<\/p>\n<\/p>\n<p>El helic\u00f3ptero fue dado por desaparecido a las 20.30 hora local del martes (00.30 GMT del mi\u00e9rcoles) y los equipos de rescate encontraron restos del aparato en la zona unas seis horas despu\u00e9s.<\/p>\n<h6> 2015-03-11 10:55:02 <\/h6>\n<p><!--\n<link rel=\"stylesheet\" href=\"css\/bootstrap.min.css\">\n\n\n<ul class=\"pagination\">\n\t    \n\t\n\n<li >\n\t<a href='?page_no=24688'>Previous<\/a>\n\t<\/li>\n\n\n       \n    \n\n<li><a href='?page_no=1'>1<\/a><\/li>\n\n\n\n<li><a href='?page_no=2'>2<\/a><\/li>\n\n\n\n<li><a>...<\/a><\/li>\n\n\n\n<li><a href='?page_no=24687'>24687<\/a><\/li>\n\n\n\n<li><a href='?page_no=24688'>24688<\/a><\/li>\n\n\n\n<li class='active'><a>24689<\/a><\/li>\n\n\n\n<li><a href='?page_no=24690'>24690<\/a><\/li>\n\n\n\n<li><a href='?page_no=24691'>24691<\/a><\/li>\n\n\n\n<li><a>...<\/a><\/li>\n\n\n\n<li><a href='?page_no=51012'>51012<\/a><\/li>\n\n\n\n<li><a href='?page_no=51013'>51013<\/a><\/li>\n\n    \n\t\n\n<li >\n\t<a href='?page_no=24690'>Next<\/a>\n\t<\/li>\n\n\n    \n\n<li><a href='?page_no=51013'>Last &rsaquo;&rsaquo;<\/a><\/li>\n\n<\/ul>\n\n\n--><br \/>\n<\/body><\/p>\n","protected":false},"excerpt":{"rendered":"<p>FLORIDA.- Las autoridades militares estadounidenses creen que los siete marines y cuatro soldados estadounidenses desaparecidos despu\u00e9s de que un helic\u00f3ptero de la Armada se estrellara en aguas del noroeste de Florida est\u00e1n muertos. Medios nacionales estadounidenses se\u00f1alan que fuentes oficiales temen que los once militares est\u00e1n muertos, tras encontrar esta madrugada restos del helic\u00f3ptero, un [&hellip;]<\/p>\n","protected":false},"author":3,"featured_media":0,"comment_status":"open","ping_status":"open","sticky":false,"template":"","format":"standard","meta":{"footnotes":""},"categories":[23],"tags":[],"class_list":["post-255044","post","type-post","status-publish","format-standard","hentry","category-internacional"],"_links":{"self":[{"href":"https:\/\/diariodominicano.com\/index.php?rest_route=\/wp\/v2\/posts\/255044","targetHints":{"allow":["GET"]}}],"collection":[{"href":"https:\/\/diariodominicano.com\/index.php?rest_route=\/wp\/v2\/posts"}],"about":[{"href":"https:\/\/diariodominicano.com\/index.php?rest_route=\/wp\/v2\/types\/post"}],"author":[{"embeddable":true,"href":"https:\/\/diariodominicano.com\/index.php?rest_route=\/wp\/v2\/users\/3"}],"replies":[{"embeddable":true,"href":"https:\/\/diariodominicano.com\/index.php?rest_route=%2Fwp%2Fv2%2Fcomments&post=255044"}],"version-history":[{"count":0,"href":"https:\/\/diariodominicano.com\/index.php?rest_route=\/wp\/v2\/posts\/255044\/revisions"}],"wp:attachment":[{"href":"https:\/\/diariodominicano.com\/index.php?rest_route=%2Fwp%2Fv2%2Fmedia&parent=255044"}],"wp:term":[{"taxonomy":"category","embeddable":true,"href":"https:\/\/diariodominicano.com\/index.php?rest_route=%2Fwp%2Fv2%2Fcategories&post=255044"},{"taxonomy":"post_tag","embeddable":true,"href":"https:\/\/diariodominicano.com\/index.php?rest_route=%2Fwp%2Fv2%2Ftags&post=255044"}],"curies":[{"name":"wp","href":"https:\/\/api.w.org\/{rel}","templated":true}]}}