{"id":255043,"date":"2015-03-11T12:59:50","date_gmt":"2015-03-11T12:59:50","guid":{"rendered":"http:\/\/diariodominicano.ddns.net\/?p=255043"},"modified":"2015-03-11T12:59:50","modified_gmt":"2015-03-11T12:59:50","slug":"latinoamerica-apoya-a-nicolas-maduro-el-mandatario-pide-poderes-especiales-al-congreso","status":"publish","type":"post","link":"https:\/\/diariodominicano.com\/?p=255043","title":{"rendered":"&#13;Latinoam\u00e9rica apoya a Nicol\u00e1s Maduro; el mandatario pide poderes especiales al Congreso"},"content":{"rendered":"<p><body><\/p>\n<p><img decoding=\"async\" src=\"img3\/nico 2.jpg\" \/><br \/><img decoding=\"async\" src=\"img3\/nico 3.jpeg\" \/>  <\/p>\n<p>Caracas, Venezuela 11 marzo.- Los pa\u00edses bolivarianos cerraron ayer filas ante las medidas tomadas por EE.UU. en relaci\u00f3n a Venezuela, mientras desde otros \u00e1mbitos se llam\u00f3 a ambas partes a evitar una mayor escalada de la tensi\u00f3n y a buscar una salida dialogada a un conflicto que puede tener consecuencias en toda la regi\u00f3n.<\/p>\n<\/p>\n<p>El secretario general de la Organizaci\u00f3n de Estados Americanos (OEA), Jos\u00e9 Miguel Insulza, afirm\u00f3 ayer en La Paz que el Consejo Permanente del organismo debe analizar \u00abya\u00bb el enfrentamiento \u00abcon un esp\u00edritu constructivo\u00bb.<\/p>\n<\/p>\n<p>Insulza dijo que no quiere interpretar los argumentos de EE.UU. sino que las partes expliquen sus posiciones en el seno del Consejo, pero precis\u00f3 que le llam\u00f3 \u00abla atenci\u00f3n\u00bb la decisi\u00f3n del gobierno de Barack Obama de \u00abdarle una cierta calificaci\u00f3n a Venezuela\u00bb.<\/p>\n<\/p>\n<p>\u00abM\u00e1s que las medidas concretas que se adoptaron, creo que la calificaci\u00f3n nos pone en una situaci\u00f3n muy compleja que, ojal\u00e1, podamos dilucidar adecuadamente en los pr\u00f3ximos d\u00edas. Yo creo que este tema tenemos que tratarlo ya\u00bb, sostuvo.<\/p>\n<\/p>\n<p>El Gobierno de Nicol\u00e1s Maduro respondi\u00f3 inmediatamente llamando a consultas a su encargado de negocios en Washington y m\u00e1s tarde acus\u00f3 a Obama de haber dado \u00abel paso m\u00e1s agresivo, injusto y nefasto que jam\u00e1s se haya dado contra Venezuela\u00bb.<\/p>\n<\/p>\n<p>La respuesta de los pa\u00edses de la Alianza Bolivariana no se hizo esperar. \u00abSi nos tocan a uno, nos tocan a todos\u00bb, se\u00f1alaron ayer en una declaraci\u00f3n conjunta los embajadores de Venezuela, Nicaragua, Ecuador, Bolivia, San Vicente y las Granadinas, Dominica y Antigua y Barbuda, as\u00ed como funcionarios de Cuba.<\/p>\n<\/p>\n<p>La declaraci\u00f3n hace hincapi\u00e9 en que \u00abVenezuela no est\u00e1 sola\u00bb frente al \u00abimperialismo\u00bb y en que los problemas internos de ese pa\u00eds deben resolverlos los venezolanos con el \u00abdi\u00e1logo y la concertaci\u00f3n\u00bb.<\/p>\n<\/p>\n<p>El Gobierno chino, a trav\u00e9s de Hong Lei, portavoz del Ministerio de Exteriores, manifest\u00f3 ayer su deseo de que Venezuela y EE.UU.<\/p>\n<\/p>\n<p>alcancen un entendimiento amistoso, porque es \u00abalgo que interesa a los dos pa\u00edses y a los dos pueblos\u00bb&#8230;<\/p>\n<h6> 2015-03-11 12:59:50 <\/h6>\n<p><!--\n<link rel=\"stylesheet\" href=\"css\/bootstrap.min.css\">\n\n\n<ul class=\"pagination\">\n\t    \n\t\n\n<li >\n\t<a href='?page_no=24687'>Previous<\/a>\n\t<\/li>\n\n\n       \n    \n\n<li><a href='?page_no=1'>1<\/a><\/li>\n\n\n\n<li><a href='?page_no=2'>2<\/a><\/li>\n\n\n\n<li><a>...<\/a><\/li>\n\n\n\n<li><a href='?page_no=24686'>24686<\/a><\/li>\n\n\n\n<li><a href='?page_no=24687'>24687<\/a><\/li>\n\n\n\n<li class='active'><a>24688<\/a><\/li>\n\n\n\n<li><a href='?page_no=24689'>24689<\/a><\/li>\n\n\n\n<li><a href='?page_no=24690'>24690<\/a><\/li>\n\n\n\n<li><a>...<\/a><\/li>\n\n\n\n<li><a href='?page_no=51012'>51012<\/a><\/li>\n\n\n\n<li><a href='?page_no=51013'>51013<\/a><\/li>\n\n    \n\t\n\n<li >\n\t<a href='?page_no=24689'>Next<\/a>\n\t<\/li>\n\n\n    \n\n<li><a href='?page_no=51013'>Last &rsaquo;&rsaquo;<\/a><\/li>\n\n<\/ul>\n\n\n--><br \/>\n<\/body><\/p>\n","protected":false},"excerpt":{"rendered":"<p>Caracas, Venezuela 11 marzo.- Los pa\u00edses bolivarianos cerraron ayer filas ante las medidas tomadas por EE.UU. en relaci\u00f3n a Venezuela, mientras desde otros \u00e1mbitos se llam\u00f3 a ambas partes a evitar una mayor escalada de la tensi\u00f3n y a buscar una salida dialogada a un conflicto que puede tener consecuencias en toda la regi\u00f3n. El [&hellip;]<\/p>\n","protected":false},"author":3,"featured_media":0,"comment_status":"open","ping_status":"open","sticky":false,"template":"","format":"standard","meta":{"footnotes":""},"categories":[23],"tags":[],"class_list":["post-255043","post","type-post","status-publish","format-standard","hentry","category-internacional"],"_links":{"self":[{"href":"https:\/\/diariodominicano.com\/index.php?rest_route=\/wp\/v2\/posts\/255043","targetHints":{"allow":["GET"]}}],"collection":[{"href":"https:\/\/diariodominicano.com\/index.php?rest_route=\/wp\/v2\/posts"}],"about":[{"href":"https:\/\/diariodominicano.com\/index.php?rest_route=\/wp\/v2\/types\/post"}],"author":[{"embeddable":true,"href":"https:\/\/diariodominicano.com\/index.php?rest_route=\/wp\/v2\/users\/3"}],"replies":[{"embeddable":true,"href":"https:\/\/diariodominicano.com\/index.php?rest_route=%2Fwp%2Fv2%2Fcomments&post=255043"}],"version-history":[{"count":0,"href":"https:\/\/diariodominicano.com\/index.php?rest_route=\/wp\/v2\/posts\/255043\/revisions"}],"wp:attachment":[{"href":"https:\/\/diariodominicano.com\/index.php?rest_route=%2Fwp%2Fv2%2Fmedia&parent=255043"}],"wp:term":[{"taxonomy":"category","embeddable":true,"href":"https:\/\/diariodominicano.com\/index.php?rest_route=%2Fwp%2Fv2%2Fcategories&post=255043"},{"taxonomy":"post_tag","embeddable":true,"href":"https:\/\/diariodominicano.com\/index.php?rest_route=%2Fwp%2Fv2%2Ftags&post=255043"}],"curies":[{"name":"wp","href":"https:\/\/api.w.org\/{rel}","templated":true}]}}