{"id":255042,"date":"2015-03-11T13:07:27","date_gmt":"2015-03-11T13:07:27","guid":{"rendered":"http:\/\/diariodominicano.ddns.net\/?p=255042"},"modified":"2015-03-11T13:07:27","modified_gmt":"2015-03-11T13:07:27","slug":"la-fuerza-armada-pide-a-venezolanos-cerrar-filas-ante-la-agresion-de-ee-uu","status":"publish","type":"post","link":"https:\/\/diariodominicano.com\/?p=255042","title":{"rendered":"&#13;La Fuerza Armada pide a venezolanos \u00abcerrar filas ante la agresi\u00f3n\u00bb de EE.UU."},"content":{"rendered":"<p><body><\/p>\n<p><img decoding=\"async\" src=\"img3\/eje 11.jpg\" \/>  <\/p>\n<p>Caracas, Venezuela 11 marzo.- La Fuerza Armada Nacional Bolivariana (FANB) pidi\u00f3 ayer a los venezolanos \u00abcerrar filas ante la agresi\u00f3n\u00bb a Venezuela del Gobierno de Estados Unidos, al que acus\u00f3 de impulsar \u00abdesmesuradas acciones injerencistas e imperialistas\u00bb.<\/p>\n<\/p>\n<p>La FANB destac\u00f3 en un comunicado su \u00abvocaci\u00f3n pacifista\u00bb, pero a la vez reiter\u00f3 el compromiso de \u00abhonrar el sagrado juramento de defender la patria y sus instituciones hasta perder la vida si fuese necesario\u00bb.<\/p>\n<\/p>\n<p>El presidente estadounidense, Barack Obama, declar\u00f3 este lunes que la situaci\u00f3n en Venezuela es \u00abuna amenaza extraordinaria a la seguridad nacional\u00bb de EE.UU. y anunci\u00f3 tambi\u00e9n una ampliaci\u00f3n de las sanciones a funcionarios venezolanos, por primera vez identificados, a los que considera responsables de violaciones de los derechos humanos.<\/p>\n<\/p>\n<p>Venezuela \u00abes un pa\u00eds pac\u00edfico\u00bb que \u00abpromueve un Estado democr\u00e1tico, social, de justicia y de derecho\u00bb, por lo que la FANB, a\u00f1ade el comunicado, \u00abcalifica como absurda y carente de cualquier sustento jur\u00eddico\u00bb que se califique al pa\u00eds en los t\u00e9rminos que lo ha hecho Obama.<\/p>\n<\/p>\n<p>La decisi\u00f3n de Obama incluye el bloqueo de bienes que siete altos cargos y excargos del Gobierno del presidente Nicol\u00e1s Maduro pudieran tener en EE.UU., a los que acusa de violar los derechos humanos durante las protestas antigubernamentales que se vivieron en el pa\u00eds durante 2014.<\/p>\n<\/p>\n<p>\u00abAcciones de esta naturaleza no son m\u00e1s que un subterfugio tras el cual se esconden oscuros intereses de grupos de poder internos y externos que pretenden socavar las bases de nuestra gobernabilidad y estabilidad pol\u00edtica y social\u00bb, alert\u00f3 la FANB.<\/p>\n<\/p>\n<p>Por ello, agreg\u00f3, los militares venezolanos expresan su \u00abm\u00e1s categ\u00f3rico y contundente rechazo a este tipo de actos de intromisi\u00f3n en los asuntos internos\u00bb que considera \u00aboprobiosos a la dignidad del pueblo de Venezuela y a nuestro gobierno democr\u00e1tico leg\u00edtimamente constituido\u00bb.<\/p>\n<\/p>\n<p>Tambi\u00e9n subraya su \u00abirrestricta lealtad\u00bb al presidente Maduro, \u00abal pueblo de Venezuela y a sus instituciones democr\u00e1ticas\u00bb y expresa su \u00absolidaridad y apoyo incondicional\u00bb a los venezolanos sancionados.<\/p>\n<\/p>\n<p>Entre estos destaca el mayor general Gustavo Gonz\u00e1lez L\u00f3pez, a quien Maduro nombr\u00f3 el lunes ministro de Interior, Justicia y Paz tras considerar \u00abuna condecoraci\u00f3n del imperio estadounidense\u00bb la sanci\u00f3n en su contra.<\/p>\n<\/p>\n<p>El nuevo ministro era hasta el momento director general del Servicio Bolivariano de Inteligencia Nacional (SEBIN) y presidente del Centro Estrat\u00e9gico de Seguridad y Protecci\u00f3n de la Patria (CESPPA).<\/p>\n<h6> 2015-03-11 13:07:27 <\/h6>\n<p><!--\n<link rel=\"stylesheet\" href=\"css\/bootstrap.min.css\">\n\n\n<ul class=\"pagination\">\n\t    \n\t\n\n<li >\n\t<a href='?page_no=24686'>Previous<\/a>\n\t<\/li>\n\n\n       \n    \n\n<li><a href='?page_no=1'>1<\/a><\/li>\n\n\n\n<li><a href='?page_no=2'>2<\/a><\/li>\n\n\n\n<li><a>...<\/a><\/li>\n\n\n\n<li><a href='?page_no=24685'>24685<\/a><\/li>\n\n\n\n<li><a href='?page_no=24686'>24686<\/a><\/li>\n\n\n\n<li class='active'><a>24687<\/a><\/li>\n\n\n\n<li><a href='?page_no=24688'>24688<\/a><\/li>\n\n\n\n<li><a href='?page_no=24689'>24689<\/a><\/li>\n\n\n\n<li><a>...<\/a><\/li>\n\n\n\n<li><a href='?page_no=51012'>51012<\/a><\/li>\n\n\n\n<li><a href='?page_no=51013'>51013<\/a><\/li>\n\n    \n\t\n\n<li >\n\t<a href='?page_no=24688'>Next<\/a>\n\t<\/li>\n\n\n    \n\n<li><a href='?page_no=51013'>Last &rsaquo;&rsaquo;<\/a><\/li>\n\n<\/ul>\n\n\n--><br \/>\n<\/body><\/p>\n","protected":false},"excerpt":{"rendered":"<p>Caracas, Venezuela 11 marzo.- La Fuerza Armada Nacional Bolivariana (FANB) pidi\u00f3 ayer a los venezolanos \u00abcerrar filas ante la agresi\u00f3n\u00bb a Venezuela del Gobierno de Estados Unidos, al que acus\u00f3 de impulsar \u00abdesmesuradas acciones injerencistas e imperialistas\u00bb. La FANB destac\u00f3 en un comunicado su \u00abvocaci\u00f3n pacifista\u00bb, pero a la vez reiter\u00f3 el compromiso de \u00abhonrar [&hellip;]<\/p>\n","protected":false},"author":3,"featured_media":0,"comment_status":"open","ping_status":"open","sticky":false,"template":"","format":"standard","meta":{"footnotes":""},"categories":[23],"tags":[],"class_list":["post-255042","post","type-post","status-publish","format-standard","hentry","category-internacional"],"_links":{"self":[{"href":"https:\/\/diariodominicano.com\/index.php?rest_route=\/wp\/v2\/posts\/255042","targetHints":{"allow":["GET"]}}],"collection":[{"href":"https:\/\/diariodominicano.com\/index.php?rest_route=\/wp\/v2\/posts"}],"about":[{"href":"https:\/\/diariodominicano.com\/index.php?rest_route=\/wp\/v2\/types\/post"}],"author":[{"embeddable":true,"href":"https:\/\/diariodominicano.com\/index.php?rest_route=\/wp\/v2\/users\/3"}],"replies":[{"embeddable":true,"href":"https:\/\/diariodominicano.com\/index.php?rest_route=%2Fwp%2Fv2%2Fcomments&post=255042"}],"version-history":[{"count":0,"href":"https:\/\/diariodominicano.com\/index.php?rest_route=\/wp\/v2\/posts\/255042\/revisions"}],"wp:attachment":[{"href":"https:\/\/diariodominicano.com\/index.php?rest_route=%2Fwp%2Fv2%2Fmedia&parent=255042"}],"wp:term":[{"taxonomy":"category","embeddable":true,"href":"https:\/\/diariodominicano.com\/index.php?rest_route=%2Fwp%2Fv2%2Fcategories&post=255042"},{"taxonomy":"post_tag","embeddable":true,"href":"https:\/\/diariodominicano.com\/index.php?rest_route=%2Fwp%2Fv2%2Ftags&post=255042"}],"curies":[{"name":"wp","href":"https:\/\/api.w.org\/{rel}","templated":true}]}}