{"id":255041,"date":"2015-03-11T13:38:24","date_gmt":"2015-03-11T13:38:24","guid":{"rendered":"http:\/\/diariodominicano.ddns.net\/?p=255041"},"modified":"2015-03-11T13:38:24","modified_gmt":"2015-03-11T13:38:24","slug":"criticas-a-gobernante-australiano-por-medidas-antiindigenas","status":"publish","type":"post","link":"https:\/\/diariodominicano.com\/?p=255041","title":{"rendered":"&#13;Cr\u00edticas a gobernante australiano por medidas antiind\u00edgenas"},"content":{"rendered":"<p><body><\/p>\n<p><img decoding=\"async\" src=\"img3\/abott.jpg\" \/>  <\/p>\n<p><span class=\"text1noticias\">\t\t<\/span><\/p>\n<p><span class=\"text1noticias\">  <\/span><\/p>\n<\/p>\n<p><span class=\"text1noticias\">Canberra, 11 mar (PL) El primer ministro australiano, Anthony Abbott, recibi\u00f3 hoy una ola de cr\u00edticas por una infeliz declaraci\u00f3n sobre la vida de los ind\u00edgenas de la llamada isla continente.<\/span><\/p>\n<\/p>\n<p><span class=\"text1noticias\">Las comunidades abor\u00edgenes viven en regiones remotas y en condiciones de inferioridad econ\u00f3mica, porque es su estilo de vida, expres\u00f3 Abbott.<\/span><\/p>\n<\/p>\n<p><span class=\"text1noticias\">Los pueblos ind\u00edgenas australianos son los m\u00e1s desfavorecidos de la naci\u00f3n, con una esperanza de vida mucho m\u00e1s corta que otros ciudadanos, mientras sufren niveles desproporcionados de encarcelamiento y de problemas sociales como el desempleo.<\/span><\/p>\n<\/p>\n<p><span class=\"text1noticias\">Abbott adelant\u00f3 que apoya un plan para cerrar m\u00e1s de 100 comunidades abor\u00edgenes remotas localizadas en el estado de Australia Occidental, si a sus habitantes es imposible proporcionarles servicios esenciales.<\/span><\/p>\n<\/p>\n<p><span class=\"text1noticias\">El primer ministro explic\u00f3 que el Gobierno no puede subsidiar un estilo de vida no propicio con el tipo de participaci\u00f3n plena en la sociedad australiana, en tanto que derivar\u00e1 mayores obligaciones del contribuyente.<\/span><\/p>\n<\/p>\n<p><span class=\"text1noticias\">Los comentarios de Abbott causaron duras cr\u00edticas, entre ellas las del asesor estatal Warren Mundine, quien acot\u00f3 que los abor\u00edgenes tienen una conexi\u00f3n cultural con su tierra. \u00abNo es simplemente una cuesti\u00f3n de vivir en el monte\u00bb, asever\u00f3 <\/span><\/p>\n<\/p>\n<p><span class=\"text1noticias\">\u00abEsas personas viven en realidad en sus pa\u00edses de origen -a\u00f1adi\u00f3 Mundine-, y al forzarlas se afecta su cultura, su condici\u00f3n nativa, pues se trata de su propia esencia, de su propia naturaleza\u00bb. El cineasta Rolf de Heer, realizador de pel\u00edculas en defensa de los ind\u00edgenas australianos, se\u00f1al\u00f3 que los comentarios de Abbott van de lo inadecuado a lo risible y un elemento m\u00e1s de que carece de derecho a ser primer ministro, rese\u00f1\u00f3 el Sydney Morning Herald.<\/span><\/p>\n<\/p>\n<p><span class=\"text1noticias\">Cuando los brit\u00e1nicos llegaron a Australia en 1788, viv\u00edan, seg\u00fan estimaciones, un mill\u00f3n de abor\u00edgenes, pero ahora solo quedan 470 mil de una poblaci\u00f3n general de 23 millones.<\/span><\/p>\n<\/p>\n<h6> 2015-03-11 13:38:24 <\/h6>\n<p><!--\n<link rel=\"stylesheet\" href=\"css\/bootstrap.min.css\">\n\n\n<ul class=\"pagination\">\n\t    \n\t\n\n<li >\n\t<a href='?page_no=24685'>Previous<\/a>\n\t<\/li>\n\n\n       \n    \n\n<li><a href='?page_no=1'>1<\/a><\/li>\n\n\n\n<li><a href='?page_no=2'>2<\/a><\/li>\n\n\n\n<li><a>...<\/a><\/li>\n\n\n\n<li><a href='?page_no=24684'>24684<\/a><\/li>\n\n\n\n<li><a href='?page_no=24685'>24685<\/a><\/li>\n\n\n\n<li class='active'><a>24686<\/a><\/li>\n\n\n\n<li><a href='?page_no=24687'>24687<\/a><\/li>\n\n\n\n<li><a href='?page_no=24688'>24688<\/a><\/li>\n\n\n\n<li><a>...<\/a><\/li>\n\n\n\n<li><a href='?page_no=51012'>51012<\/a><\/li>\n\n\n\n<li><a href='?page_no=51013'>51013<\/a><\/li>\n\n    \n\t\n\n<li >\n\t<a href='?page_no=24687'>Next<\/a>\n\t<\/li>\n\n\n    \n\n<li><a href='?page_no=51013'>Last &rsaquo;&rsaquo;<\/a><\/li>\n\n<\/ul>\n\n\n--><br \/>\n<\/body><\/p>\n","protected":false},"excerpt":{"rendered":"<p>Canberra, 11 mar (PL) El primer ministro australiano, Anthony Abbott, recibi\u00f3 hoy una ola de cr\u00edticas por una infeliz declaraci\u00f3n sobre la vida de los ind\u00edgenas de la llamada isla continente. Las comunidades abor\u00edgenes viven en regiones remotas y en condiciones de inferioridad econ\u00f3mica, porque es su estilo de vida, expres\u00f3 Abbott. Los pueblos ind\u00edgenas [&hellip;]<\/p>\n","protected":false},"author":3,"featured_media":0,"comment_status":"open","ping_status":"open","sticky":false,"template":"","format":"standard","meta":{"footnotes":""},"categories":[23],"tags":[],"class_list":["post-255041","post","type-post","status-publish","format-standard","hentry","category-internacional"],"_links":{"self":[{"href":"https:\/\/diariodominicano.com\/index.php?rest_route=\/wp\/v2\/posts\/255041","targetHints":{"allow":["GET"]}}],"collection":[{"href":"https:\/\/diariodominicano.com\/index.php?rest_route=\/wp\/v2\/posts"}],"about":[{"href":"https:\/\/diariodominicano.com\/index.php?rest_route=\/wp\/v2\/types\/post"}],"author":[{"embeddable":true,"href":"https:\/\/diariodominicano.com\/index.php?rest_route=\/wp\/v2\/users\/3"}],"replies":[{"embeddable":true,"href":"https:\/\/diariodominicano.com\/index.php?rest_route=%2Fwp%2Fv2%2Fcomments&post=255041"}],"version-history":[{"count":0,"href":"https:\/\/diariodominicano.com\/index.php?rest_route=\/wp\/v2\/posts\/255041\/revisions"}],"wp:attachment":[{"href":"https:\/\/diariodominicano.com\/index.php?rest_route=%2Fwp%2Fv2%2Fmedia&parent=255041"}],"wp:term":[{"taxonomy":"category","embeddable":true,"href":"https:\/\/diariodominicano.com\/index.php?rest_route=%2Fwp%2Fv2%2Fcategories&post=255041"},{"taxonomy":"post_tag","embeddable":true,"href":"https:\/\/diariodominicano.com\/index.php?rest_route=%2Fwp%2Fv2%2Ftags&post=255041"}],"curies":[{"name":"wp","href":"https:\/\/api.w.org\/{rel}","templated":true}]}}