{"id":255040,"date":"2015-03-11T13:43:39","date_gmt":"2015-03-11T13:43:39","guid":{"rendered":"http:\/\/diariodominicano.ddns.net\/?p=255040"},"modified":"2015-03-11T13:43:39","modified_gmt":"2015-03-11T13:43:39","slug":"ecuador-acoge-estaciones-de-tratado-de-prohibicion-de-ensayo-nuclear","status":"publish","type":"post","link":"https:\/\/diariodominicano.com\/?p=255040","title":{"rendered":"&#13;Ecuador acoge estaciones de Tratado de Prohibici\u00f3n de Ensayo Nuclear"},"content":{"rendered":"<p><body><\/p>\n<p><img decoding=\"async\" src=\"img3\/wilson-pastor.jpg\" \/>  <\/p>\n<\/p>\n<p><span class=\"text1noticias\">  <\/span><\/p>\n<\/p>\n<p><span class=\"text1noticias\">Quito, 11 mar (PL) El representante permanente de Ecuador ante Organizaciones Internacionales en Viena, Wilson P\u00e1stor, entreg\u00f3 el Acuerdo de Facilitaci\u00f3n para acoger estaciones del Sistema Internacional de Monitoreo del Tratado de Prohibici\u00f3n de Ensayos Nucleares, inform\u00f3 hoy la Canciller\u00eda.<\/span><\/p>\n<\/p>\n<p><span class=\"text1noticias\">Ecuador cooperar\u00e1 con la organizaci\u00f3n en el establecimiento, operaci\u00f3n, ensayo, actualizaci\u00f3n y mantenimiento de las estaciones de Radio nucle\u00eddos y de Infrasonido, que se instalar\u00e1n en la Isla Santa Cruz, Gal\u00e1pagos, explic\u00f3 el Ministerio de Relaciones Exteriores.<\/span><\/p>\n<\/p>\n<p><span class=\"text1noticias\">Las estaciones tienen la capacidad de registrar explosiones nucleares subterr\u00e1neas, en los mares y en el aire, as\u00ed como detectar desechos radioactivos en la atm\u00f3sfera, se\u00f1al\u00f3 la nota ministerial.<\/span><\/p>\n<\/p>\n<p><span class=\"text1noticias\">Adem\u00e1s del acceso en tiempo real a los datos generados por las estaciones para verificar el cumplimiento del Tratado, puntualiz\u00f3, Ecuador se beneficiar\u00e1 de las aplicaciones civiles que la tecnolog\u00eda ofrece para recibir alertas de tsunamis.<\/span><\/p>\n<\/p>\n<p><span class=\"text1noticias\">La Canciller\u00eda ecuatoriana afirm\u00f3 que la t\u00e9cnica permitir\u00e1 detectar movimientos s\u00edsmicos y otros desastres naturales, as\u00ed como ampliar la cooperaci\u00f3n en el desarrollo de capacidades t\u00e9cnicas y cient\u00edficas para universidades e institutos de investigaci\u00f3n.<\/span><\/p>\n<\/p>\n<p><span class=\"text1noticias\">Para adoptar esta decisi\u00f3n se realizaron estudios de impacto ambiental por la Organizaci\u00f3n del Tratado de Prohibici\u00f3n Completa de los Ensayos Nucleares, el Ministerio del Ambiente y el Parque Nacional Gal\u00e1pagos, a fin de asegurar la riqueza natural del sitio, indic\u00f3 la instituci\u00f3n.<\/span><\/p>\n<\/p>\n<p><span class=\"text1noticias\">Ecuador coherente con su compromiso con la paz, el desarme general y completo y su condena al desarrollo y uso de armas de destrucci\u00f3n masiva, suscribi\u00f3 el acuerdo para completar las obligaciones con el Tratado de Prohibici\u00f3n de Ensayos Nucleares, ratificado en 2001, concluy\u00f3.<\/span><\/p>\n<h6> 2015-03-11 13:43:39 <\/h6>\n<p><!--\n<link rel=\"stylesheet\" href=\"css\/bootstrap.min.css\">\n\n\n<ul class=\"pagination\">\n\t    \n\t\n\n<li >\n\t<a href='?page_no=24684'>Previous<\/a>\n\t<\/li>\n\n\n       \n    \n\n<li><a href='?page_no=1'>1<\/a><\/li>\n\n\n\n<li><a href='?page_no=2'>2<\/a><\/li>\n\n\n\n<li><a>...<\/a><\/li>\n\n\n\n<li><a href='?page_no=24683'>24683<\/a><\/li>\n\n\n\n<li><a href='?page_no=24684'>24684<\/a><\/li>\n\n\n\n<li class='active'><a>24685<\/a><\/li>\n\n\n\n<li><a href='?page_no=24686'>24686<\/a><\/li>\n\n\n\n<li><a href='?page_no=24687'>24687<\/a><\/li>\n\n\n\n<li><a>...<\/a><\/li>\n\n\n\n<li><a href='?page_no=51012'>51012<\/a><\/li>\n\n\n\n<li><a href='?page_no=51013'>51013<\/a><\/li>\n\n    \n\t\n\n<li >\n\t<a href='?page_no=24686'>Next<\/a>\n\t<\/li>\n\n\n    \n\n<li><a href='?page_no=51013'>Last &rsaquo;&rsaquo;<\/a><\/li>\n\n<\/ul>\n\n\n--><br \/>\n<\/body><\/p>\n","protected":false},"excerpt":{"rendered":"<p>Quito, 11 mar (PL) El representante permanente de Ecuador ante Organizaciones Internacionales en Viena, Wilson P\u00e1stor, entreg\u00f3 el Acuerdo de Facilitaci\u00f3n para acoger estaciones del Sistema Internacional de Monitoreo del Tratado de Prohibici\u00f3n de Ensayos Nucleares, inform\u00f3 hoy la Canciller\u00eda. Ecuador cooperar\u00e1 con la organizaci\u00f3n en el establecimiento, operaci\u00f3n, ensayo, actualizaci\u00f3n y mantenimiento de las [&hellip;]<\/p>\n","protected":false},"author":3,"featured_media":0,"comment_status":"open","ping_status":"open","sticky":false,"template":"","format":"standard","meta":{"footnotes":""},"categories":[23],"tags":[],"class_list":["post-255040","post","type-post","status-publish","format-standard","hentry","category-internacional"],"_links":{"self":[{"href":"https:\/\/diariodominicano.com\/index.php?rest_route=\/wp\/v2\/posts\/255040","targetHints":{"allow":["GET"]}}],"collection":[{"href":"https:\/\/diariodominicano.com\/index.php?rest_route=\/wp\/v2\/posts"}],"about":[{"href":"https:\/\/diariodominicano.com\/index.php?rest_route=\/wp\/v2\/types\/post"}],"author":[{"embeddable":true,"href":"https:\/\/diariodominicano.com\/index.php?rest_route=\/wp\/v2\/users\/3"}],"replies":[{"embeddable":true,"href":"https:\/\/diariodominicano.com\/index.php?rest_route=%2Fwp%2Fv2%2Fcomments&post=255040"}],"version-history":[{"count":0,"href":"https:\/\/diariodominicano.com\/index.php?rest_route=\/wp\/v2\/posts\/255040\/revisions"}],"wp:attachment":[{"href":"https:\/\/diariodominicano.com\/index.php?rest_route=%2Fwp%2Fv2%2Fmedia&parent=255040"}],"wp:term":[{"taxonomy":"category","embeddable":true,"href":"https:\/\/diariodominicano.com\/index.php?rest_route=%2Fwp%2Fv2%2Fcategories&post=255040"},{"taxonomy":"post_tag","embeddable":true,"href":"https:\/\/diariodominicano.com\/index.php?rest_route=%2Fwp%2Fv2%2Ftags&post=255040"}],"curies":[{"name":"wp","href":"https:\/\/api.w.org\/{rel}","templated":true}]}}