{"id":255039,"date":"2015-03-11T13:46:59","date_gmt":"2015-03-11T13:46:59","guid":{"rendered":"http:\/\/diariodominicano.ddns.net\/?p=255039"},"modified":"2015-03-11T13:46:59","modified_gmt":"2015-03-11T13:46:59","slug":"cese-de-bombardeos-a-farc-ep-reducira-conflicto-colombiano-gobierno","status":"publish","type":"post","link":"https:\/\/diariodominicano.com\/?p=255039","title":{"rendered":"&#13;Cese de bombardeos a FARC-EP reducir\u00e1 conflicto colombiano: Gobierno\t\t\t&#13;"},"content":{"rendered":"<p><body><\/p>\n<p><img decoding=\"async\" src=\"img3\/lacalle.jpg\" \/>  <\/p>\n<\/p>\n<\/p>\n<p>Bogot\u00e1, 11 mar (PL) El abogado colombiano Humberto de la Calle asegur\u00f3 hoy que la decisi\u00f3n de suspender por un mes los bombardeos contra los campamentos de las FARC-EP es una medida de construcci\u00f3n de confianza, que reducir\u00e1 la conflagraci\u00f3n.<\/p>\n<\/p>\n<p>Se trata de una disposici\u00f3n encaminada a continuar el proceso de desescalamiento o reducci\u00f3n de la confrontaci\u00f3n b\u00e9lica, coment\u00f3 el exvicepresidente, quien lidera la delegaci\u00f3n del Ejecutivo en las pl\u00e1ticas con las insurgentes Fuerzas Armadas Revolucionarias de Colombia-Ej\u00e9rcito del Pueblo (FARC-EP).<\/p>\n<\/p>\n<p>En rueda de prensa De la Calle subray\u00f3 que la reciente decisi\u00f3n del presidente Juan Manuel Santos estuvo antecedida por la tregua unilateral y por tiempo indefinido decretada por ese movimiento insurgente desde diciembre pasado, as\u00ed como por un acuerdo entre ambas partes para iniciar el proceso de desminado.<\/p>\n<\/p>\n<p>El pol\u00edtico mencion\u00f3, adem\u00e1s, el anuncio del grupo guerrillero de no reclutar a menores de 17 a\u00f1os de edad en sus filas, disposiciones que, a su juicio, contribuyen tambi\u00e9n a bajar la intensidad de la guerra.<\/p>\n<\/p>\n<p>Esa orden de detener los bombardeos contra los campamentos de las FARC-EP tiene car\u00e1cter temporal y su permanencia depender\u00e1 de evaluaciones posteriores, las cuales deber\u00e1n realizarse dentro de un mes, subray\u00f3.<\/p>\n<\/p>\n<p>Durante su intervenci\u00f3n, De la Calle neg\u00f3 que con tal disposici\u00f3n se pretenda disfrazar una paralizaci\u00f3n total de las acciones ofensivas.<\/p>\n<\/p>\n<p>En La Habana -dijo- estamos discutiendo las caracter\u00edsticas de esa opci\u00f3n, pero de un cese el fuego bilateral definitivo, serio.<\/p>\n<\/p>\n<p>El m\u00e1ximo representante del Ejecutivo en las conversaciones con las FARC-EP aclar\u00f3 igualmente que las fuerzas militares no est\u00e1n replegadas sino que continuar\u00e1n con sus misiones de control del territorio, lucha contra la delincuencia y protecci\u00f3n a la ciudadan\u00eda.<\/p>\n<\/p>\n<p>\u00c9sta no es una decisi\u00f3n a espaldas del estamento policial y del ej\u00e9rcito, agreg\u00f3.<\/p>\n<\/p>\n<p>Delegaciones del Gobierno y de las FARC-EP dialogan en La Habana desde 2012 para hallar una salida negociada a la guerra, la cual se ha prolongado durante m\u00e1s de medio siglo.<\/p>\n<\/p>\n<p>En su alocuci\u00f3n la v\u00edspera Santos afirm\u00f3 que en cambio continuar\u00e1n los operativos contra el Ej\u00e9rcito de Liberaci\u00f3n Nacional, otro de los grupos guerrilleros activos en el pa\u00eds.<\/p>\n<\/p>\n<p>Como resultado de la conflagraci\u00f3n fallecieron unas 230 mil personas, seg\u00fan cifras oficiales.<\/p>\n<\/p>\n<h6> 2015-03-11 13:46:59 <\/h6>\n<p><!--\n<link rel=\"stylesheet\" href=\"css\/bootstrap.min.css\">\n\n\n<ul class=\"pagination\">\n\t    \n\t\n\n<li >\n\t<a href='?page_no=24683'>Previous<\/a>\n\t<\/li>\n\n\n       \n    \n\n<li><a href='?page_no=1'>1<\/a><\/li>\n\n\n\n<li><a href='?page_no=2'>2<\/a><\/li>\n\n\n\n<li><a>...<\/a><\/li>\n\n\n\n<li><a href='?page_no=24682'>24682<\/a><\/li>\n\n\n\n<li><a href='?page_no=24683'>24683<\/a><\/li>\n\n\n\n<li class='active'><a>24684<\/a><\/li>\n\n\n\n<li><a href='?page_no=24685'>24685<\/a><\/li>\n\n\n\n<li><a href='?page_no=24686'>24686<\/a><\/li>\n\n\n\n<li><a>...<\/a><\/li>\n\n\n\n<li><a href='?page_no=51012'>51012<\/a><\/li>\n\n\n\n<li><a href='?page_no=51013'>51013<\/a><\/li>\n\n    \n\t\n\n<li >\n\t<a href='?page_no=24685'>Next<\/a>\n\t<\/li>\n\n\n    \n\n<li><a href='?page_no=51013'>Last &rsaquo;&rsaquo;<\/a><\/li>\n\n<\/ul>\n\n\n--><br \/>\n<\/body><\/p>\n","protected":false},"excerpt":{"rendered":"<p>Bogot\u00e1, 11 mar (PL) El abogado colombiano Humberto de la Calle asegur\u00f3 hoy que la decisi\u00f3n de suspender por un mes los bombardeos contra los campamentos de las FARC-EP es una medida de construcci\u00f3n de confianza, que reducir\u00e1 la conflagraci\u00f3n. Se trata de una disposici\u00f3n encaminada a continuar el proceso de desescalamiento o reducci\u00f3n de [&hellip;]<\/p>\n","protected":false},"author":3,"featured_media":0,"comment_status":"open","ping_status":"open","sticky":false,"template":"","format":"standard","meta":{"footnotes":""},"categories":[23],"tags":[],"class_list":["post-255039","post","type-post","status-publish","format-standard","hentry","category-internacional"],"_links":{"self":[{"href":"https:\/\/diariodominicano.com\/index.php?rest_route=\/wp\/v2\/posts\/255039","targetHints":{"allow":["GET"]}}],"collection":[{"href":"https:\/\/diariodominicano.com\/index.php?rest_route=\/wp\/v2\/posts"}],"about":[{"href":"https:\/\/diariodominicano.com\/index.php?rest_route=\/wp\/v2\/types\/post"}],"author":[{"embeddable":true,"href":"https:\/\/diariodominicano.com\/index.php?rest_route=\/wp\/v2\/users\/3"}],"replies":[{"embeddable":true,"href":"https:\/\/diariodominicano.com\/index.php?rest_route=%2Fwp%2Fv2%2Fcomments&post=255039"}],"version-history":[{"count":0,"href":"https:\/\/diariodominicano.com\/index.php?rest_route=\/wp\/v2\/posts\/255039\/revisions"}],"wp:attachment":[{"href":"https:\/\/diariodominicano.com\/index.php?rest_route=%2Fwp%2Fv2%2Fmedia&parent=255039"}],"wp:term":[{"taxonomy":"category","embeddable":true,"href":"https:\/\/diariodominicano.com\/index.php?rest_route=%2Fwp%2Fv2%2Fcategories&post=255039"},{"taxonomy":"post_tag","embeddable":true,"href":"https:\/\/diariodominicano.com\/index.php?rest_route=%2Fwp%2Fv2%2Ftags&post=255039"}],"curies":[{"name":"wp","href":"https:\/\/api.w.org\/{rel}","templated":true}]}}