{"id":255038,"date":"2015-03-11T13:50:50","date_gmt":"2015-03-11T13:50:50","guid":{"rendered":"http:\/\/diariodominicano.ddns.net\/?p=255038"},"modified":"2015-03-11T13:50:50","modified_gmt":"2015-03-11T13:50:50","slug":"denuncia-rusia-que-ee-uu-socava-estabilidad-estrategica-global","status":"publish","type":"post","link":"https:\/\/diariodominicano.com\/?p=255038","title":{"rendered":"&#13;Denuncia Rusia que EE.UU. socava estabilidad estrat\u00e9gica global\t\t\t&#13;"},"content":{"rendered":"<p><body><\/p>\n<p><img decoding=\"async\" src=\"img3\/rusia_mijail_ulianov.jpg\" \/>  <\/p>\n<p><span class=\"text1noticias\">  <\/span><\/p>\n<\/p>\n<p><span class=\"text1noticias\">Mosc\u00fa, 11 mar (PL) Con sus acciones, Estados Unidos socava la estabilidad estrat\u00e9gica global y el proceso de desarme nuclear internacional, afirm\u00f3 hoy una fuente de la canciller\u00eda de Rusia.<\/span><\/p>\n<\/p>\n<p><span class=\"text1noticias\">El sistema antimisiles en Europa, con componentes estrat\u00e9gicos estadounidenses y la construcci\u00f3n de armamentos de alta precisi\u00f3n, ponen en dudas el progreso del proceso de desarme nuclear, asever\u00f3 el director del Departamento de no proliferaci\u00f3n y control armamentista, Mijail Ulianov.<\/span><\/p>\n<\/p>\n<p><span class=\"text1noticias\">Advirti\u00f3 Ulianov durante una rueda de prensa que en tales condiciones la continuidad del desarme nuclear se torna problem\u00e1tica, al subrayar que Mosc\u00fa se esfuerza por crear el ambiente necesario y es a Washington a quien debe dirigirse ese cuestionamiento.<\/span><\/p>\n<\/p>\n<p><span class=\"text1noticias\">Sobre la violaci\u00f3n del Tratado de No Proliferaci\u00f3n, el funcionario refiri\u00f3 el entrenamiento por Estados Unidos de pilotos de pa\u00edses aliados en el uso del arma at\u00f3mica durante las llamadas misiones conjuntas nucleares.<\/span><\/p>\n<\/p>\n<p><span class=\"text1noticias\">Muchos de los miembros del Movimiento de Pa\u00edses No Alineados reconocen que Rusia de manera permanente plantea esa cuesti\u00f3n en los foros internacionales, al considerar tales acciones una franca violaci\u00f3n de los compromisos, enfatiz\u00f3 el experto.<\/span><\/p>\n<\/p>\n<p><span class=\"text1noticias\">Ulianov alert\u00f3, de otro lado, que su pa\u00eds ten\u00eda derecho a desplegar el arma nuclear en cualquier parte del territorio de la Federaci\u00f3n, incluida Crimea.<\/span><\/p>\n<\/p>\n<p><span class=\"text1noticias\">De principio nos asiste ese derecho aunque Kiev considera lo contrario, respondi\u00f3 a una pregunta acerca de un posible emplazamiento de armamentos estrat\u00e9gicos en la pen\u00ednsula, que se reunific\u00f3 con Rusia en marzo de 2014, tras un referendo consultivo.<\/span><\/p>\n<\/p>\n<p><span class=\"text1noticias\">Mosc\u00fa suspendi\u00f3 desde este mi\u00e9rcoles su participaci\u00f3n en la comisi\u00f3n consultiva del Tratado de Fuerzas Armadas Convencionales en Europa (FACE), cuya moratoria hab\u00eda sido decretada por el presidente Vladimir Putin en 2007 por los incumplimientos de la OTAN.<\/span><\/p>\n<\/p>\n<p><span class=\"text1noticias\">El representante ruso ante la Organizaci\u00f3n para la Seguridad y Cooperaci\u00f3n en Europa (OSCE), Andrei Kelin, catalog\u00f3 esa decisi\u00f3n como un paso fundado, el cual ha sido entendido dentro de ese foro, se\u00f1al\u00f3.<\/span><\/p>\n<\/p>\n<p><span class=\"text1noticias\">La mayor\u00eda de los Estados miembros lamentan esa medida, pero era razonable de nuestra parte pues hac\u00eda tiempo que el convenio no funcionaba ni proporcionaba utilidad, expuso Kelin.<\/span><\/p>\n<\/p>\n<p><span class=\"text1noticias\">El jefe de la delegaci\u00f3n rusa en las negociaciones sobre seguridad militar y control de armamentos, Ant\u00f3n Mazur, aclar\u00f3 que el paso no significaba que Rusia renunciaba al di\u00e1logo en la cuesti\u00f3n de las armas convencionales en Europa.<\/span><\/p>\n<\/p>\n<p><span class=\"text1noticias\">Suscrito en noviembre de 1990 entre la OTAN y el extinto Pacto de Varsovia, el FACE entr\u00f3 en vigor en 1992, cuando ya no exist\u00eda el bloque de pa\u00edses socialistas y la alianza se ampliaba con la incorporaci\u00f3n de ex pa\u00edses socialistas y rep\u00fablicas exsovi\u00e9ticas del mar B\u00e1ltico. La versi\u00f3n adaptada a las nuevas realidades fue ratificada en 1999 solo por Rusia, Belar\u00fas, Kazajst\u00e1n y Ucrania. <\/span><\/p>\n<\/p>\n<h6> 2015-03-11 13:50:50 <\/h6>\n<p><!--\n<link rel=\"stylesheet\" href=\"css\/bootstrap.min.css\">\n\n\n<ul class=\"pagination\">\n\t    \n\t\n\n<li >\n\t<a href='?page_no=24682'>Previous<\/a>\n\t<\/li>\n\n\n       \n    \n\n<li><a href='?page_no=1'>1<\/a><\/li>\n\n\n\n<li><a href='?page_no=2'>2<\/a><\/li>\n\n\n\n<li><a>...<\/a><\/li>\n\n\n\n<li><a href='?page_no=24681'>24681<\/a><\/li>\n\n\n\n<li><a href='?page_no=24682'>24682<\/a><\/li>\n\n\n\n<li class='active'><a>24683<\/a><\/li>\n\n\n\n<li><a href='?page_no=24684'>24684<\/a><\/li>\n\n\n\n<li><a href='?page_no=24685'>24685<\/a><\/li>\n\n\n\n<li><a>...<\/a><\/li>\n\n\n\n<li><a href='?page_no=51012'>51012<\/a><\/li>\n\n\n\n<li><a href='?page_no=51013'>51013<\/a><\/li>\n\n    \n\t\n\n<li >\n\t<a href='?page_no=24684'>Next<\/a>\n\t<\/li>\n\n\n    \n\n<li><a href='?page_no=51013'>Last &rsaquo;&rsaquo;<\/a><\/li>\n\n<\/ul>\n\n\n--><br \/>\n<\/body><\/p>\n","protected":false},"excerpt":{"rendered":"<p>Mosc\u00fa, 11 mar (PL) Con sus acciones, Estados Unidos socava la estabilidad estrat\u00e9gica global y el proceso de desarme nuclear internacional, afirm\u00f3 hoy una fuente de la canciller\u00eda de Rusia. El sistema antimisiles en Europa, con componentes estrat\u00e9gicos estadounidenses y la construcci\u00f3n de armamentos de alta precisi\u00f3n, ponen en dudas el progreso del proceso de [&hellip;]<\/p>\n","protected":false},"author":3,"featured_media":0,"comment_status":"open","ping_status":"open","sticky":false,"template":"","format":"standard","meta":{"footnotes":""},"categories":[23],"tags":[],"class_list":["post-255038","post","type-post","status-publish","format-standard","hentry","category-internacional"],"_links":{"self":[{"href":"https:\/\/diariodominicano.com\/index.php?rest_route=\/wp\/v2\/posts\/255038","targetHints":{"allow":["GET"]}}],"collection":[{"href":"https:\/\/diariodominicano.com\/index.php?rest_route=\/wp\/v2\/posts"}],"about":[{"href":"https:\/\/diariodominicano.com\/index.php?rest_route=\/wp\/v2\/types\/post"}],"author":[{"embeddable":true,"href":"https:\/\/diariodominicano.com\/index.php?rest_route=\/wp\/v2\/users\/3"}],"replies":[{"embeddable":true,"href":"https:\/\/diariodominicano.com\/index.php?rest_route=%2Fwp%2Fv2%2Fcomments&post=255038"}],"version-history":[{"count":0,"href":"https:\/\/diariodominicano.com\/index.php?rest_route=\/wp\/v2\/posts\/255038\/revisions"}],"wp:attachment":[{"href":"https:\/\/diariodominicano.com\/index.php?rest_route=%2Fwp%2Fv2%2Fmedia&parent=255038"}],"wp:term":[{"taxonomy":"category","embeddable":true,"href":"https:\/\/diariodominicano.com\/index.php?rest_route=%2Fwp%2Fv2%2Fcategories&post=255038"},{"taxonomy":"post_tag","embeddable":true,"href":"https:\/\/diariodominicano.com\/index.php?rest_route=%2Fwp%2Fv2%2Ftags&post=255038"}],"curies":[{"name":"wp","href":"https:\/\/api.w.org\/{rel}","templated":true}]}}