{"id":255037,"date":"2015-03-11T13:54:15","date_gmt":"2015-03-11T13:54:15","guid":{"rendered":"http:\/\/diariodominicano.ddns.net\/?p=255037"},"modified":"2015-03-11T13:54:15","modified_gmt":"2015-03-11T13:54:15","slug":"mueren-mas-de-200-terroristas-del-ei-en-combates-en-handarat","status":"publish","type":"post","link":"https:\/\/diariodominicano.com\/?p=255037","title":{"rendered":"&#13;Mueren m\u00e1s de 200 terroristas del EI en combates en Handarat\t\t\t&#13;"},"content":{"rendered":"<p><body><\/p>\n<p><img decoding=\"async\" src=\"img3\/siria-ejercito-bandera.jpg\" \/>  <\/p>\n<\/p>\n<p><span class=\"text1noticias\">Damasco, 11 mar (PL) La defensa de la localidad de Handarat, en Alepo, entr\u00f3 hoy en su sexto d\u00eda, sin que los grupos terroristas del Estado Isl\u00e1mico (EI), Frente Al-Nusra y el reci\u00e9n creado Frente Levantino logren arrebatar las posiciones al ej\u00e9rcito sirio.<\/span><\/p>\n<\/p>\n<p><span class=\"text1noticias\">Fuentes militares comentaron a Prensa Latina que despu\u00e9s de los \u00faltimos ataques, se report\u00f3 la muerte de m\u00e1s de 200 terroristas y la destrucci\u00f3n de ocho veh\u00edculos blindados.<\/span><\/p>\n<\/p>\n<p><span class=\"text1noticias\">Handarat est\u00e1 ubicada al noreste de la ciudad de Alepo, a 350 kil\u00f3metros al norte de esta capital, y se ha convertido en un punto estrat\u00e9gico para las fuerzas armadas sirias, para completar el cerco sobre los barrios que est\u00e1n bajo control de los grupos armados antigubernamentales.<\/span><\/p>\n<\/p>\n<p><span class=\"text1noticias\">La fuente precis\u00f3 que los extremistas movilizaron un refuerzo de tres mil 500 combatientes, en su mayor\u00eda extranjeros procedentes de pa\u00edses del Ca\u00facaso, Egipto, y otras naciones de la regi\u00f3n, que se infiltraron en territorio sirio a trav\u00e9s de Turqu\u00eda.<\/span><\/p>\n<\/p>\n<p><span class=\"text1noticias\">Hasta el momento, el ej\u00e9rcito y las fuerzas de defensa nacional mantienen el control de la zona y han rechazado los ataques de los yihadistas extremistas en su af\u00e1n de recuperar posiciones.<\/span><\/p>\n<\/p>\n<p><span class=\"text1noticias\">Los voceros castrenses desmintieron adem\u00e1s las noticias falsas difundidas por los grupos extremistas a trav\u00e9s de las redes sociales de que mantienen ocupada Handarat, y aseguraron que el ej\u00e9rcito sigue bombardeando con artiller\u00eda y aviones de combates las concentraciones de refuerzos que llegan a esta zona.<\/span><\/p>\n<\/p>\n<h6> 2015-03-11 13:54:15 <\/h6>\n<p><!--\n<link rel=\"stylesheet\" href=\"css\/bootstrap.min.css\">\n\n\n<ul class=\"pagination\">\n\t    \n\t\n\n<li >\n\t<a href='?page_no=24681'>Previous<\/a>\n\t<\/li>\n\n\n       \n    \n\n<li><a href='?page_no=1'>1<\/a><\/li>\n\n\n\n<li><a href='?page_no=2'>2<\/a><\/li>\n\n\n\n<li><a>...<\/a><\/li>\n\n\n\n<li><a href='?page_no=24680'>24680<\/a><\/li>\n\n\n\n<li><a href='?page_no=24681'>24681<\/a><\/li>\n\n\n\n<li class='active'><a>24682<\/a><\/li>\n\n\n\n<li><a href='?page_no=24683'>24683<\/a><\/li>\n\n\n\n<li><a href='?page_no=24684'>24684<\/a><\/li>\n\n\n\n<li><a>...<\/a><\/li>\n\n\n\n<li><a href='?page_no=51012'>51012<\/a><\/li>\n\n\n\n<li><a href='?page_no=51013'>51013<\/a><\/li>\n\n    \n\t\n\n<li >\n\t<a href='?page_no=24683'>Next<\/a>\n\t<\/li>\n\n\n    \n\n<li><a href='?page_no=51013'>Last &rsaquo;&rsaquo;<\/a><\/li>\n\n<\/ul>\n\n\n--><br \/>\n<\/body><\/p>\n","protected":false},"excerpt":{"rendered":"<p>Damasco, 11 mar (PL) La defensa de la localidad de Handarat, en Alepo, entr\u00f3 hoy en su sexto d\u00eda, sin que los grupos terroristas del Estado Isl\u00e1mico (EI), Frente Al-Nusra y el reci\u00e9n creado Frente Levantino logren arrebatar las posiciones al ej\u00e9rcito sirio. Fuentes militares comentaron a Prensa Latina que despu\u00e9s de los \u00faltimos ataques, [&hellip;]<\/p>\n","protected":false},"author":3,"featured_media":0,"comment_status":"open","ping_status":"open","sticky":false,"template":"","format":"standard","meta":{"footnotes":""},"categories":[23],"tags":[],"class_list":["post-255037","post","type-post","status-publish","format-standard","hentry","category-internacional"],"_links":{"self":[{"href":"https:\/\/diariodominicano.com\/index.php?rest_route=\/wp\/v2\/posts\/255037","targetHints":{"allow":["GET"]}}],"collection":[{"href":"https:\/\/diariodominicano.com\/index.php?rest_route=\/wp\/v2\/posts"}],"about":[{"href":"https:\/\/diariodominicano.com\/index.php?rest_route=\/wp\/v2\/types\/post"}],"author":[{"embeddable":true,"href":"https:\/\/diariodominicano.com\/index.php?rest_route=\/wp\/v2\/users\/3"}],"replies":[{"embeddable":true,"href":"https:\/\/diariodominicano.com\/index.php?rest_route=%2Fwp%2Fv2%2Fcomments&post=255037"}],"version-history":[{"count":0,"href":"https:\/\/diariodominicano.com\/index.php?rest_route=\/wp\/v2\/posts\/255037\/revisions"}],"wp:attachment":[{"href":"https:\/\/diariodominicano.com\/index.php?rest_route=%2Fwp%2Fv2%2Fmedia&parent=255037"}],"wp:term":[{"taxonomy":"category","embeddable":true,"href":"https:\/\/diariodominicano.com\/index.php?rest_route=%2Fwp%2Fv2%2Fcategories&post=255037"},{"taxonomy":"post_tag","embeddable":true,"href":"https:\/\/diariodominicano.com\/index.php?rest_route=%2Fwp%2Fv2%2Ftags&post=255037"}],"curies":[{"name":"wp","href":"https:\/\/api.w.org\/{rel}","templated":true}]}}