{"id":255036,"date":"2015-03-11T13:57:57","date_gmt":"2015-03-11T13:57:57","guid":{"rendered":"http:\/\/diariodominicano.ddns.net\/?p=255036"},"modified":"2015-03-11T13:57:57","modified_gmt":"2015-03-11T13:57:57","slug":"recibe-principe-heredero-de-japon-a-vicepresidente-cubano","status":"publish","type":"post","link":"https:\/\/diariodominicano.com\/?p=255036","title":{"rendered":"&#13;&#13;Recibe pr\u00edncipe heredero de Jap\u00f3n a vicepresidente cubano"},"content":{"rendered":"<p><body><\/p>\n<p><img decoding=\"async\" src=\"img3\/1ricardo-cabrisas.jpg\" \/>  <\/p>\n<p><span class=\"text1noticias\">\t\t<\/span><\/p>\n<p><span class=\"text1noticias\">  <\/span><\/p>\n<\/p>\n<p><span class=\"text1noticias\">Tokio, 11 mar (PL) El vicepresidente del Consejo de Ministros de Cuba Ricardo Cabrisas fue recibido por Naruhito, pr\u00edncipe heredero de Jap\u00f3n, con quien dialog\u00f3 sobre el estado actual de las relaciones con este pa\u00eds asi\u00e1tico.<\/span><\/p>\n<\/p>\n<p><span class=\"text1noticias\">Durante el encuentro, que tuvo lugar en la segunda jornada de la visita oficial que realiza a Jap\u00f3n, Cabrisas trasmiti\u00f3 a Naruhito los saludos del presidente cubano, Ra\u00fal Castro, difundi\u00f3 en una nota la Embajada de la isla.<\/span><\/p>\n<\/p>\n<p><span class=\"text1noticias\">Seg\u00fan la fuente, el martes pasado Cabrisas tambi\u00e9n fue acogido fraternalmente por integrantes de la Liga Parlamentaria de Amistad Jap\u00f3n-Cuba.<\/span><\/p>\n<\/p>\n<p><span class=\"text1noticias\">El diputado Keiji Furuya, presidente de esa organizaci\u00f3n, ratific\u00f3 la disposici\u00f3n de la Liga en contribuir a expandir y fortalecer las relaciones bilaterales.<\/span><\/p>\n<\/p>\n<p><span class=\"text1noticias\">De igual forma, el presidente de la C\u00e1mara de Comercio nipona, Toshio Nakamura, recibi\u00f3 al vicepresidente del pa\u00eds caribe\u00f1o.<\/span><\/p>\n<\/p>\n<p><span class=\"text1noticias\">En la ocasi\u00f3n, Nakamura manifest\u00f3 la voluntad de la instituci\u00f3n que preside en aportar al desarrollo de los v\u00ednculos econ\u00f3micos y comerciales entre ambos estados.<\/span><\/p>\n<\/p>\n<p><span class=\"text1noticias\">Como parte de sus actividades en este pa\u00eds asi\u00e1tico, la delegaci\u00f3n cubana efectu\u00f3 un recorrido por el Centro de Exhibici\u00f3n de Panasonic, donde pudo contatar el desarrollo tecnol\u00f3gico alcanzado por esa importante corporaci\u00f3n.<\/span><\/p>\n<\/p>\n<h6> 2015-03-11 13:57:57 <\/h6>\n<p><!--\n<link rel=\"stylesheet\" href=\"css\/bootstrap.min.css\">\n\n\n<ul class=\"pagination\">\n\t    \n\t\n\n<li >\n\t<a href='?page_no=24680'>Previous<\/a>\n\t<\/li>\n\n\n       \n    \n\n<li><a href='?page_no=1'>1<\/a><\/li>\n\n\n\n<li><a href='?page_no=2'>2<\/a><\/li>\n\n\n\n<li><a>...<\/a><\/li>\n\n\n\n<li><a href='?page_no=24679'>24679<\/a><\/li>\n\n\n\n<li><a href='?page_no=24680'>24680<\/a><\/li>\n\n\n\n<li class='active'><a>24681<\/a><\/li>\n\n\n\n<li><a href='?page_no=24682'>24682<\/a><\/li>\n\n\n\n<li><a href='?page_no=24683'>24683<\/a><\/li>\n\n\n\n<li><a>...<\/a><\/li>\n\n\n\n<li><a href='?page_no=51012'>51012<\/a><\/li>\n\n\n\n<li><a href='?page_no=51013'>51013<\/a><\/li>\n\n    \n\t\n\n<li >\n\t<a href='?page_no=24682'>Next<\/a>\n\t<\/li>\n\n\n    \n\n<li><a href='?page_no=51013'>Last &rsaquo;&rsaquo;<\/a><\/li>\n\n<\/ul>\n\n\n--><br \/>\n<\/body><\/p>\n","protected":false},"excerpt":{"rendered":"<p>Tokio, 11 mar (PL) El vicepresidente del Consejo de Ministros de Cuba Ricardo Cabrisas fue recibido por Naruhito, pr\u00edncipe heredero de Jap\u00f3n, con quien dialog\u00f3 sobre el estado actual de las relaciones con este pa\u00eds asi\u00e1tico. Durante el encuentro, que tuvo lugar en la segunda jornada de la visita oficial que realiza a Jap\u00f3n, Cabrisas [&hellip;]<\/p>\n","protected":false},"author":3,"featured_media":0,"comment_status":"open","ping_status":"open","sticky":false,"template":"","format":"standard","meta":{"footnotes":""},"categories":[23],"tags":[],"class_list":["post-255036","post","type-post","status-publish","format-standard","hentry","category-internacional"],"_links":{"self":[{"href":"https:\/\/diariodominicano.com\/index.php?rest_route=\/wp\/v2\/posts\/255036","targetHints":{"allow":["GET"]}}],"collection":[{"href":"https:\/\/diariodominicano.com\/index.php?rest_route=\/wp\/v2\/posts"}],"about":[{"href":"https:\/\/diariodominicano.com\/index.php?rest_route=\/wp\/v2\/types\/post"}],"author":[{"embeddable":true,"href":"https:\/\/diariodominicano.com\/index.php?rest_route=\/wp\/v2\/users\/3"}],"replies":[{"embeddable":true,"href":"https:\/\/diariodominicano.com\/index.php?rest_route=%2Fwp%2Fv2%2Fcomments&post=255036"}],"version-history":[{"count":0,"href":"https:\/\/diariodominicano.com\/index.php?rest_route=\/wp\/v2\/posts\/255036\/revisions"}],"wp:attachment":[{"href":"https:\/\/diariodominicano.com\/index.php?rest_route=%2Fwp%2Fv2%2Fmedia&parent=255036"}],"wp:term":[{"taxonomy":"category","embeddable":true,"href":"https:\/\/diariodominicano.com\/index.php?rest_route=%2Fwp%2Fv2%2Fcategories&post=255036"},{"taxonomy":"post_tag","embeddable":true,"href":"https:\/\/diariodominicano.com\/index.php?rest_route=%2Fwp%2Fv2%2Ftags&post=255036"}],"curies":[{"name":"wp","href":"https:\/\/api.w.org\/{rel}","templated":true}]}}