{"id":255035,"date":"2015-03-11T19:01:16","date_gmt":"2015-03-11T19:01:16","guid":{"rendered":"http:\/\/diariodominicano.ddns.net\/?p=255035"},"modified":"2015-03-11T19:01:16","modified_gmt":"2015-03-11T19:01:16","slug":"renuncia-jefe-de-policia-de-ferguson-tras-informe-de-departamento-de-justicia","status":"publish","type":"post","link":"https:\/\/diariodominicano.com\/?p=255035","title":{"rendered":"Renuncia jefe de polic\u00eda de Ferguson tras informe de Departamento de Justicia"},"content":{"rendered":"<p><body><\/p>\n<p><img decoding=\"async\" src=\"img3\/Jackson.jpg\" \/>  <\/p>\n<p><span class=\"text1noticias\">      CHICAGO, 11 mar (Xinhua) &#8212; El jefe de la polic\u00eda de Ferguson, Tom Jackson, renunci\u00f3 despu\u00e9s de que un informe federal apunt\u00f3 a una cultura de racismo al interior del departamento de polic\u00eda y de las oficinas municipales de esta localidad de Missouri.<\/span><\/p>\n<\/p>\n<p><span class=\"text1noticias\">      En una entrevista con medios locales, Jackson dijo que siente que ha llegado el momento de que la ciudad avance y se\u00f1al\u00f3 que se nombrar\u00e1 a un jefe de polic\u00eda interino.<\/span><\/p>\n<\/p>\n<p><span class=\"text1noticias\">      En su carta de renuncia, Jackson dijo que fue un honor y un privilegio servir a Ferguson y servir a la gente y agreg\u00f3 que seguir\u00e1 ayudando a la ciudad como ciudadano particular.<\/span><\/p>\n<\/p>\n<p><span class=\"text1noticias\">      Una conferencia de prensa sobre su renuncia ser\u00e1 ofrecida hoy m\u00e1s tarde.<\/span><\/p>\n<\/p>\n<p><span class=\"text1noticias\">      Ferguson, localizada en los suburbios de St. Louis, una ciudad del estado de Missouri, Estados Unidos, se ha ubicado en el centro de las tensiones raciales del pa\u00eds desde que Darren Wilson, un oficial de polic\u00eda de raza blanca, mat\u00f3 a tiros el a\u00f1o pasado a Michael Brown, un joven de raza negra desarmado de 18 a\u00f1os de edad.<\/span><\/p>\n<\/p>\n<p><span class=\"text1noticias\">      En un informe del Departamento de Justicia emitido una semana antes se encontr\u00f3 un racismo sistem\u00e1tico al interior del departamento de polic\u00eda de Ferguson. El procurador general de Estados Unidos, Eric Holder, advirti\u00f3 la semana pasada que el departamento se reserva el derecho a forzar un cambio inmediato en las pr\u00e1cticas policiales y judiciales de Ferguson.<\/span> Fin<\/p>\n<\/p>\n<h6> 2015-03-11 19:01:16 <\/h6>\n<p><!--\n<link rel=\"stylesheet\" href=\"css\/bootstrap.min.css\">\n\n\n<ul class=\"pagination\">\n\t    \n\t\n\n<li >\n\t<a href='?page_no=24679'>Previous<\/a>\n\t<\/li>\n\n\n       \n    \n\n<li><a href='?page_no=1'>1<\/a><\/li>\n\n\n\n<li><a href='?page_no=2'>2<\/a><\/li>\n\n\n\n<li><a>...<\/a><\/li>\n\n\n\n<li><a href='?page_no=24678'>24678<\/a><\/li>\n\n\n\n<li><a href='?page_no=24679'>24679<\/a><\/li>\n\n\n\n<li class='active'><a>24680<\/a><\/li>\n\n\n\n<li><a href='?page_no=24681'>24681<\/a><\/li>\n\n\n\n<li><a href='?page_no=24682'>24682<\/a><\/li>\n\n\n\n<li><a>...<\/a><\/li>\n\n\n\n<li><a href='?page_no=51012'>51012<\/a><\/li>\n\n\n\n<li><a href='?page_no=51013'>51013<\/a><\/li>\n\n    \n\t\n\n<li >\n\t<a href='?page_no=24681'>Next<\/a>\n\t<\/li>\n\n\n    \n\n<li><a href='?page_no=51013'>Last &rsaquo;&rsaquo;<\/a><\/li>\n\n<\/ul>\n\n\n--><br \/>\n<\/body><\/p>\n","protected":false},"excerpt":{"rendered":"<p>CHICAGO, 11 mar (Xinhua) &#8212; El jefe de la polic\u00eda de Ferguson, Tom Jackson, renunci\u00f3 despu\u00e9s de que un informe federal apunt\u00f3 a una cultura de racismo al interior del departamento de polic\u00eda y de las oficinas municipales de esta localidad de Missouri. En una entrevista con medios locales, Jackson dijo que siente que ha [&hellip;]<\/p>\n","protected":false},"author":3,"featured_media":0,"comment_status":"open","ping_status":"open","sticky":false,"template":"","format":"standard","meta":{"footnotes":""},"categories":[23],"tags":[],"class_list":["post-255035","post","type-post","status-publish","format-standard","hentry","category-internacional"],"_links":{"self":[{"href":"https:\/\/diariodominicano.com\/index.php?rest_route=\/wp\/v2\/posts\/255035","targetHints":{"allow":["GET"]}}],"collection":[{"href":"https:\/\/diariodominicano.com\/index.php?rest_route=\/wp\/v2\/posts"}],"about":[{"href":"https:\/\/diariodominicano.com\/index.php?rest_route=\/wp\/v2\/types\/post"}],"author":[{"embeddable":true,"href":"https:\/\/diariodominicano.com\/index.php?rest_route=\/wp\/v2\/users\/3"}],"replies":[{"embeddable":true,"href":"https:\/\/diariodominicano.com\/index.php?rest_route=%2Fwp%2Fv2%2Fcomments&post=255035"}],"version-history":[{"count":0,"href":"https:\/\/diariodominicano.com\/index.php?rest_route=\/wp\/v2\/posts\/255035\/revisions"}],"wp:attachment":[{"href":"https:\/\/diariodominicano.com\/index.php?rest_route=%2Fwp%2Fv2%2Fmedia&parent=255035"}],"wp:term":[{"taxonomy":"category","embeddable":true,"href":"https:\/\/diariodominicano.com\/index.php?rest_route=%2Fwp%2Fv2%2Fcategories&post=255035"},{"taxonomy":"post_tag","embeddable":true,"href":"https:\/\/diariodominicano.com\/index.php?rest_route=%2Fwp%2Fv2%2Ftags&post=255035"}],"curies":[{"name":"wp","href":"https:\/\/api.w.org\/{rel}","templated":true}]}}