{"id":255034,"date":"2015-03-11T23:29:55","date_gmt":"2015-03-11T23:29:55","guid":{"rendered":"http:\/\/diariodominicano.ddns.net\/?p=255034"},"modified":"2015-03-11T23:29:55","modified_gmt":"2015-03-11T23:29:55","slug":"presidente-de-ecuador-minimiza-criticas-de-sip-a-ley-de-comunicacion","status":"publish","type":"post","link":"https:\/\/diariodominicano.com\/?p=255034","title":{"rendered":"Presidente de Ecuador minimiza cr\u00edticas de SIP a Ley de Comunicaci\u00f3n"},"content":{"rendered":"<p><body><\/p>\n<p>QUITO, 12 mar (Xinhua) &#8212; El presidente ecuatoriano, Rafael Correa, rest\u00f3 importancia a las cr\u00edticas realizadas por la Sociedad Interamericana de Prensa (SIP) a la Ley de Comunicaci\u00f3n del pa\u00eds sudamericano vigente desde junio de 2013.<\/p>\n<\/p>\n<p>\u00abA nosotros antes nos preocupar\u00eda si la SIP nos aplaudiera, si nos critica, quiere decir que vamos por el buen camino\u00bb, se\u00f1al\u00f3 el mandatario a periodistas en la provincia costera de Manab\u00ed (suroeste).<\/p>\n<\/p>\n<p>El lunes, la SIP, durante su reuni\u00f3n semestral en Panam\u00e1, se\u00f1al\u00f3 que Ecuador junto con Argentina y Venezuela son los pa\u00edses del continente americano donde es m\u00e1s complicado ejercer el periodismo.<\/p>\n<\/p>\n<p>Adem\u00e1s, consider\u00f3 que la Ley de Comunicaci\u00f3n ha sido utilizada \u00abpara censurar y sancionar en 37 ocasiones a periodistas, caricaturistas, usuarios de Twitter y Facebook, y cerrar medios de comunicaci\u00f3n\u00bb.<\/p>\n<\/p>\n<p>Por ello, resolvi\u00f3 denunciar que la Ley \u00abno es un instrumento para democratizar la comunicaci\u00f3n, y que su aplicaci\u00f3n restringe la libertad de expresi\u00f3n y de prensa\u00bb.<\/p>\n<\/p>\n<p>El mandatario ecuatoriano sostuvo que dichas resoluciones no tienen validez y que las cr\u00edticas no causan en lo absoluto ning\u00fan efecto.<\/p>\n<p>\u00abEso es copy (copiar) paste (pegar) de lo que declaran cada semestre y nadie les hace caso\u00bb, apunt\u00f3 Correa, un duro cr\u00edtico de la SIP, que tiene su sede en Miami, Estados Unidos.<\/p>\n<\/p>\n<p>El mandatario recalc\u00f3 que la SIP es el gremio de los due\u00f1os de los medios de comunicaci\u00f3n del continente, quienes al ser regulados obviamente hacen reclamos.<\/p>\n<\/p>\n<p>La v\u00edspera, la Superintendencia de la Informaci\u00f3n y Comunicaci\u00f3n de Ecuador calific\u00f3 como una \u00abinjerencia\u00bb las opiniones de la SIP y dijo que la ley \u00abgarantiza la democratizaci\u00f3n de la palabra\u00bb y reconoce a la informaci\u00f3n \u00abcomo un derecho constitucional y un bien p\u00fablico\u00bb.<\/p>\n<\/p>\n<p>Los pronunciamientos de la SIP \u00abno representan los intereses de millones de ecuatorianos, que en un acto democr\u00e1tico votaron &#8216;s\u00ed&#8217; por la creaci\u00f3n de una ley que regule a los medios de comunicaci\u00f3n\u00bb, se\u00f1al\u00f3 el \u00f3rgano de control en un comunicado.<\/p>\n<\/p>\n<p>Afirm\u00f3 que no hay peor violaci\u00f3n a la libertad de expresi\u00f3n que el \u00absilenciamiento de las mayor\u00edas en beneficio de unos pocos\u00bb, por lo que dej\u00f3 en claro que la Superintendencia \u00abno persigue, democratiza, pluraliza y da voz al pueblo\u00bb.<\/p>\n<\/p>\n<p>Adem\u00e1s, aclar\u00f3 que en Ecuador ni un solo medio de comunicaci\u00f3n ha sido cerrado por la vigencia de la Ley de Comunicaci\u00f3n.<\/p>\n<\/p>\n<p>Seg\u00fan el organismo, la norma promueve el respeto a la honra y reputaci\u00f3n de las personas,  prohibe la difusi\u00f3n de contenidos discriminatorios y violentos, protege los derechos de ni\u00f1os y adolescentes, algo que \u00abal parecer a este gremio internacional le resulta persecutorio y censurador\u00bb.<\/p>\n<h6> 2015-03-11 23:29:55 <\/h6>\n<p><!--\n<link rel=\"stylesheet\" href=\"css\/bootstrap.min.css\">\n\n\n<ul class=\"pagination\">\n\t    \n\t\n\n<li >\n\t<a href='?page_no=24678'>Previous<\/a>\n\t<\/li>\n\n\n       \n    \n\n<li><a href='?page_no=1'>1<\/a><\/li>\n\n\n\n<li><a href='?page_no=2'>2<\/a><\/li>\n\n\n\n<li><a>...<\/a><\/li>\n\n\n\n<li><a href='?page_no=24677'>24677<\/a><\/li>\n\n\n\n<li><a href='?page_no=24678'>24678<\/a><\/li>\n\n\n\n<li class='active'><a>24679<\/a><\/li>\n\n\n\n<li><a href='?page_no=24680'>24680<\/a><\/li>\n\n\n\n<li><a href='?page_no=24681'>24681<\/a><\/li>\n\n\n\n<li><a>...<\/a><\/li>\n\n\n\n<li><a href='?page_no=51012'>51012<\/a><\/li>\n\n\n\n<li><a href='?page_no=51013'>51013<\/a><\/li>\n\n    \n\t\n\n<li >\n\t<a href='?page_no=24680'>Next<\/a>\n\t<\/li>\n\n\n    \n\n<li><a href='?page_no=51013'>Last &rsaquo;&rsaquo;<\/a><\/li>\n\n<\/ul>\n\n\n--><br \/>\n<\/body><\/p>\n","protected":false},"excerpt":{"rendered":"<p>QUITO, 12 mar (Xinhua) &#8212; El presidente ecuatoriano, Rafael Correa, rest\u00f3 importancia a las cr\u00edticas realizadas por la Sociedad Interamericana de Prensa (SIP) a la Ley de Comunicaci\u00f3n del pa\u00eds sudamericano vigente desde junio de 2013. \u00abA nosotros antes nos preocupar\u00eda si la SIP nos aplaudiera, si nos critica, quiere decir que vamos por el [&hellip;]<\/p>\n","protected":false},"author":3,"featured_media":0,"comment_status":"open","ping_status":"open","sticky":false,"template":"","format":"standard","meta":{"footnotes":""},"categories":[23],"tags":[],"class_list":["post-255034","post","type-post","status-publish","format-standard","hentry","category-internacional"],"_links":{"self":[{"href":"https:\/\/diariodominicano.com\/index.php?rest_route=\/wp\/v2\/posts\/255034","targetHints":{"allow":["GET"]}}],"collection":[{"href":"https:\/\/diariodominicano.com\/index.php?rest_route=\/wp\/v2\/posts"}],"about":[{"href":"https:\/\/diariodominicano.com\/index.php?rest_route=\/wp\/v2\/types\/post"}],"author":[{"embeddable":true,"href":"https:\/\/diariodominicano.com\/index.php?rest_route=\/wp\/v2\/users\/3"}],"replies":[{"embeddable":true,"href":"https:\/\/diariodominicano.com\/index.php?rest_route=%2Fwp%2Fv2%2Fcomments&post=255034"}],"version-history":[{"count":0,"href":"https:\/\/diariodominicano.com\/index.php?rest_route=\/wp\/v2\/posts\/255034\/revisions"}],"wp:attachment":[{"href":"https:\/\/diariodominicano.com\/index.php?rest_route=%2Fwp%2Fv2%2Fmedia&parent=255034"}],"wp:term":[{"taxonomy":"category","embeddable":true,"href":"https:\/\/diariodominicano.com\/index.php?rest_route=%2Fwp%2Fv2%2Fcategories&post=255034"},{"taxonomy":"post_tag","embeddable":true,"href":"https:\/\/diariodominicano.com\/index.php?rest_route=%2Fwp%2Fv2%2Ftags&post=255034"}],"curies":[{"name":"wp","href":"https:\/\/api.w.org\/{rel}","templated":true}]}}