{"id":255033,"date":"2015-03-12T02:57:52","date_gmt":"2015-03-12T02:57:52","guid":{"rendered":"http:\/\/diariodominicano.ddns.net\/?p=255033"},"modified":"2015-03-12T02:57:52","modified_gmt":"2015-03-12T02:57:52","slug":"presidente-maduro-recibe-poderes-especiales","status":"publish","type":"post","link":"https:\/\/diariodominicano.com\/?p=255033","title":{"rendered":"Presidente Maduro recibe poderes especiales"},"content":{"rendered":"<p><body><\/p>\n<p><img decoding=\"async\" src=\"img3\/venezuela.jpg\" \/>  <\/p>\n<p><span class=\"text1noticias\">La embajadora de Venezuela en Ecuador, Carol Delgado (2d), habla junto al embajador de Cuba en Ecuador, Jorge Rodr\u00edguez (2i); el de Nicaragua, Sidharta Mar\u00edn (i) y el encargado de negocios de la embajada de Bolivia, Manuel Monroy (d). (Externa)<\/span><\/p>\n<\/p>\n<p><span class=\"text1noticias\">CARACAS (Agencias) 12 de Marzo de 2&#8217;015.- La Asamblea Nacional otorg\u00f3 poderes especiales al presidente de Venezuela, Nicol\u00e1s Maduro, para legislar en diferentes \u00e1reas y garantizar la defensa del pa\u00eds, lo que gener\u00f3 inquietud entre opositores y analistas sobre un posible incremento de los controles del Estado y que la crisis diplom\u00e1tica con Estados Unidos conduzca a una militarizaci\u00f3n del pa\u00eds.<\/span><\/p>\n<\/p>\n<p><span class=\"text1noticias\">En medio de las crecientes tensiones entre Caracas y Washington, la mayor\u00eda oficialista aprob\u00f3 cerca de la medianoche del martes en primera discusi\u00f3n la llamada \u00abley habilitante antiimperialista para la paz\u00bb, que deber\u00e1 ser sometida a un segundo debate el 15 de marzo para su aprobaci\u00f3n final.<\/span><\/p>\n<\/p>\n<p><span class=\"text1noticias\">La legislaci\u00f3n especial, la segunda que recibe Maduro en casi dos a\u00f1os de gobierno, tendr\u00e1 una duraci\u00f3n de seis meses y se centrar\u00e1 en la protecci\u00f3n contra la injerencia de otros Estados, acciones b\u00e9licas y cualquier otra actividad que pretenda violentar la paz y el funcionamiento de las instituciones, indicaron congresistas opositores a la Associated Press.<\/span><\/p>\n<\/p>\n<p><span class=\"text1noticias\">Maduro acudi\u00f3 la v\u00edspera a la Asamblea Nacional para pedir poderes especiales para enfrentar \u00abla amenaza del gobierno de los Estados Unidos\u00bb y preparar al pa\u00eds en el \u00e1mbito econ\u00f3mico, financiero y comercial para \u00abcualquier variante de bloqueo\u00bb.<\/span><\/p>\n<\/p>\n<p><span class=\"text1noticias\">La solicitud se dio un d\u00eda despu\u00e9s de que Estados Unidos congel\u00f3 los bienes de siete funcionarios venezolanos en territorio estadounidense y declar\u00f3 al pa\u00eds sudamericano una amenaza extraordinaria para la seguridad nacional.<\/span><\/p>\n<\/p>\n<p><span class=\"text1noticias\">A fines del mes pasado el mandatario venezolano hab\u00eda ordenado reducir el personal de la embajada de Estados Unidos en Caracas y exigir visa de turistas a los estadounidenses que visiten el pa\u00eds.<\/span><\/p>\n<\/p>\n<p><span class=\"text1noticias\">Algunos opositores rechazaron las acciones del mandatario alegando que lo que busca es crear una cortina de humo para desviar la atenci\u00f3n de la severa crisis econ\u00f3mica que atraviesa el pa\u00eds y cohesionar a sus seguidores de cara a las elecciones parlamentarias de este a\u00f1o en las que el oficialismo no figura como favorito debido a la p\u00e9rdida de popularidad que ha sufrido Maduro en los \u00faltimos meses.<\/span><\/p>\n<\/p>\n<p><span class=\"text1noticias\">Roc\u00edo San Miguel, directora de la organizaci\u00f3n no gubernamental local Control Ciudadano -que se dedica a temas de seguridad- dijo que no se requiere de una ley habilitante para garantizar la seguridad del pa\u00eds debido a que hay varias normativas vigentes sobre esa materia.<\/span><\/p>\n<\/p>\n<p><span class=\"text1noticias\">La activista manifest\u00f3 preocupaci\u00f3n porque se est\u00e9 \u00abmilitarizando el conflicto con Estados Unidos\u00bb, que hasta ahora se ha centrado en acciones diplom\u00e1ticas y administrativas.<\/span><\/p>\n<\/p>\n<p><span class=\"text1noticias\">\u00abTodo el poder\u00bb<\/span><\/p>\n<p><span class=\"text1noticias\">\u00abEsta nueva ley llamada antiimperialista no es otra cosa que la intenci\u00f3n de Nicol\u00e1s Maduro de volver a tener todo el poder en sus manos y eso es un grave riesgo para los venezolanos comunes\u00bb, afirm\u00f3 el secretario general nacional del partido opositor Primero Justicia, el diputado Tom\u00e1s Guanipa, en una entrevista con Venevisi\u00f3n. Las nuevas fricciones entre Washington y Caracas han alejado la posibilidad de una normalizaci\u00f3n de las relaciones. <\/span><\/p>\n<\/p>\n<p><strong><span class=\"text1noticias\">UN RECHAZO A LA INJERENCIA<\/span><\/strong><\/p>\n<\/p>\n<p><span class=\"text1noticias\">Diplom\u00e1ticos de Cuba, Bolivia y Nicaragua, as\u00ed como la embajadora de Venezuela en Ecuador, Carol Delgado, rechazaron ayer en Quito el decreto ejecutivo del presidente estadounidense, Barak Obama, que declar\u00f3 una \u00abemergencia nacional\u00bb por la situaci\u00f3n en Venezuela, y lo calificaron de \u00abinjerencia\u00bb. Delgado, el embajador de Cuba en Ecuador, Jorge Rodr\u00edguez, el de Nicaragua, Sidharta Mar\u00edn y el encargado de negocios de la embajada de Bolivia, Manuel Monroy, expresaron su rechazo por la acci\u00f3n del Gobierno estadounidense y afirmaron que sus pa\u00edses se mantendr\u00e1n unidos ante tal circunstancia. La diplom\u00e1tica venezolana calific\u00f3 de \u00ababsurdo\u00bb el decreto ejecutivo porque en \u00e9l se considera que la situaci\u00f3n en Venezuela supone una \u00abamenaza inusual\u00bb para la seguridad y la pol\u00edtica exterior de EEUU. (List\u00edn Diario)<\/span><\/p>\n<\/p>\n<h6> 2015-03-12 02:57:52 <\/h6>\n<p><!--\n<link rel=\"stylesheet\" href=\"css\/bootstrap.min.css\">\n\n\n<ul class=\"pagination\">\n\t    \n\t\n\n<li >\n\t<a href='?page_no=24677'>Previous<\/a>\n\t<\/li>\n\n\n       \n    \n\n<li><a href='?page_no=1'>1<\/a><\/li>\n\n\n\n<li><a href='?page_no=2'>2<\/a><\/li>\n\n\n\n<li><a>...<\/a><\/li>\n\n\n\n<li><a href='?page_no=24676'>24676<\/a><\/li>\n\n\n\n<li><a href='?page_no=24677'>24677<\/a><\/li>\n\n\n\n<li class='active'><a>24678<\/a><\/li>\n\n\n\n<li><a href='?page_no=24679'>24679<\/a><\/li>\n\n\n\n<li><a href='?page_no=24680'>24680<\/a><\/li>\n\n\n\n<li><a>...<\/a><\/li>\n\n\n\n<li><a href='?page_no=51012'>51012<\/a><\/li>\n\n\n\n<li><a href='?page_no=51013'>51013<\/a><\/li>\n\n    \n\t\n\n<li >\n\t<a href='?page_no=24679'>Next<\/a>\n\t<\/li>\n\n\n    \n\n<li><a href='?page_no=51013'>Last &rsaquo;&rsaquo;<\/a><\/li>\n\n<\/ul>\n\n\n--><br \/>\n<\/body><\/p>\n","protected":false},"excerpt":{"rendered":"<p>La embajadora de Venezuela en Ecuador, Carol Delgado (2d), habla junto al embajador de Cuba en Ecuador, Jorge Rodr\u00edguez (2i); el de Nicaragua, Sidharta Mar\u00edn (i) y el encargado de negocios de la embajada de Bolivia, Manuel Monroy (d). (Externa) CARACAS (Agencias) 12 de Marzo de 2&#8217;015.- La Asamblea Nacional otorg\u00f3 poderes especiales al presidente [&hellip;]<\/p>\n","protected":false},"author":3,"featured_media":0,"comment_status":"open","ping_status":"open","sticky":false,"template":"","format":"standard","meta":{"footnotes":""},"categories":[23],"tags":[],"class_list":["post-255033","post","type-post","status-publish","format-standard","hentry","category-internacional"],"_links":{"self":[{"href":"https:\/\/diariodominicano.com\/index.php?rest_route=\/wp\/v2\/posts\/255033","targetHints":{"allow":["GET"]}}],"collection":[{"href":"https:\/\/diariodominicano.com\/index.php?rest_route=\/wp\/v2\/posts"}],"about":[{"href":"https:\/\/diariodominicano.com\/index.php?rest_route=\/wp\/v2\/types\/post"}],"author":[{"embeddable":true,"href":"https:\/\/diariodominicano.com\/index.php?rest_route=\/wp\/v2\/users\/3"}],"replies":[{"embeddable":true,"href":"https:\/\/diariodominicano.com\/index.php?rest_route=%2Fwp%2Fv2%2Fcomments&post=255033"}],"version-history":[{"count":0,"href":"https:\/\/diariodominicano.com\/index.php?rest_route=\/wp\/v2\/posts\/255033\/revisions"}],"wp:attachment":[{"href":"https:\/\/diariodominicano.com\/index.php?rest_route=%2Fwp%2Fv2%2Fmedia&parent=255033"}],"wp:term":[{"taxonomy":"category","embeddable":true,"href":"https:\/\/diariodominicano.com\/index.php?rest_route=%2Fwp%2Fv2%2Fcategories&post=255033"},{"taxonomy":"post_tag","embeddable":true,"href":"https:\/\/diariodominicano.com\/index.php?rest_route=%2Fwp%2Fv2%2Ftags&post=255033"}],"curies":[{"name":"wp","href":"https:\/\/api.w.org\/{rel}","templated":true}]}}