{"id":255032,"date":"2015-03-12T13:25:57","date_gmt":"2015-03-12T13:25:57","guid":{"rendered":"http:\/\/diariodominicano.ddns.net\/?p=255032"},"modified":"2015-03-12T13:25:57","modified_gmt":"2015-03-12T13:25:57","slug":"nuevas-evidencias-muestran-nexos-ee-uu-con-conspiracion-en-venezuela","status":"publish","type":"post","link":"https:\/\/diariodominicano.com\/?p=255032","title":{"rendered":"&#13;Nuevas evidencias muestran nexos EE.UU. con conspiraci\u00f3n en Venezuela\t\t\t&#13;"},"content":{"rendered":"<p><body><\/p>\n<p><img decoding=\"async\" src=\"img3\/diosdado-cabello.jpg\" \/>  <\/p>\n<\/p>\n<\/p>\n<p><span class=\"text1noticias\">Caracas, 12 mar (PL) El gobierno venezolano emplaz\u00f3 hoy a funcionarios estadounidenses y de la embajada de ese pa\u00eds en Caracas por nexos con sectores de la derecha involucrados en planes para desestabilizar a la naci\u00f3n. <\/span><\/p>\n<\/p>\n<p><span class=\"text1noticias\">De acuerdo con el presidente de la Asamblea Nacional (Parlamento), Diosdado Cabello, una de las organizaciones que estimula esas acciones conspirativas es la Fundaci\u00f3n Nacional para la Democracia (NED, por sus siglas en ingl\u00e9s).<\/span><\/p>\n<\/p>\n<p><span class=\"text1noticias\">En declaraciones a Venezolana de Televisi\u00f3n, el l\u00edder legislativo explic\u00f3 que la directora de la NED, Miriam Kornblith, se reuni\u00f3 a finales del mes pasado con dirigentes de partidos opositores con el fin de resolver asuntos supuestamente vinculados con recursos financieros.<\/span><\/p>\n<\/p>\n<p><span class=\"text1noticias\">Cabello denunci\u00f3 que Kornblith se traslad\u00f3 a Ciudad Bol\u00edvar, estado de Bol\u00edvar, con una apariencia totalmente diferente con la que lleg\u00f3 al Aeropuerto Nacional de Maiquet\u00eda (estado de Vargas) y se registr\u00f3 en un hotel bajo el nombre de Sarah Collins. El viaje servir\u00eda para concretar la misi\u00f3n asignada por la NED de reunirse con dirigentes pol\u00edticos y sindicales, as\u00ed como con la directiva de la asociaci\u00f3n civil Kape Kape, agreg\u00f3.<\/span><\/p>\n<\/p>\n<p><span class=\"text1noticias\">Los encuentros con el matrimonio de Raiza Rivas y Armando Figueroa, directivos de esa organizaci\u00f3n, destinada a la atenci\u00f3n de pueblos ind\u00edgenas, ten\u00edan el objetivo de entregar financiamiento para acciones desestabilizadoras contra el gobierno nacional.<\/span><\/p>\n<\/p>\n<p><span class=\"text1noticias\">Kornblith tambi\u00e9n se encontr\u00f3 con dirigentes pol\u00edticos y militantes de los partidos de derecha de esta jurisdicci\u00f3n, muchos con aspiraciones de postularse a los comicios parlamentarios previstos en este 2015.<\/span><\/p>\n<\/p>\n<p><span class=\"text1noticias\">Agreg\u00f3 que en Caracas, la directora de la NED sostuvo conversaciones adem\u00e1s con Ram\u00f3n Medina, miembro de la opositora Acci\u00f3n Democr\u00e1tica, para luego viajar a Bogot\u00e1.<\/span><\/p>\n<\/p>\n<p><span class=\"text1noticias\">De otra parte, Cabello denunci\u00f3 que funcionarios diplom\u00e1ticos estadounidenses mantienen citas con sectores opositores, pese a la medida anunciada por el presidente de la Rep\u00fablica, Nicol\u00e1s Maduro, el pasado 27 de febrero, de que deben notificar antes cualquier tipo de encuentros.<\/span><\/p>\n<\/p>\n<p><span class=\"text1noticias\">Asimismo, se\u00f1al\u00f3 a Kathryn Pongonis como una de esas funcionarias que violan lo establecido por la Convenci\u00f3n de Viena, acerca del respeto a las leyes venezolanas y a no inmiscuirse en asuntos internos.<\/span><\/p>\n<\/p>\n<p><span class=\"text1noticias\">A pesar de estas disposiciones, dijo, Pongonis, consejera adjunta de asuntos pol\u00edticos de la legaci\u00f3n estadounidense en Caracas, asisti\u00f3 a un foro sobre conflictividad laboral en el pa\u00eds.<\/span><\/p>\n<\/p>\n<p><span class=\"text1noticias\">Pongonis, agreg\u00f3 , ha mostrado constante inter\u00e9s en asistir a las audiencias del juicio que se sigue contra Leopoldo L\u00f3pez, de Voluntad Popular, apresado por ser el principal promotor de acciones violentas en las calles, a inicios de 2014, con saldo de 43 muertos y m\u00e1s de 800 heridos.<\/span><\/p>\n<\/p>\n<p><span class=\"text1noticias\">L\u00f3pez es tambi\u00e9n impugnado por ser uno de los art\u00edfices del plan llamado La Salida y es procesado por instigaci\u00f3n para delinquir, da\u00f1o e incendio de edificaci\u00f3n p\u00fablica, asociaci\u00f3n para delinquir y financiaci\u00f3n.<\/span><\/p>\n<\/p>\n<\/p>\n<h6> 2015-03-12 13:25:57 <\/h6>\n<p><!--\n<link rel=\"stylesheet\" href=\"css\/bootstrap.min.css\">\n\n\n<ul class=\"pagination\">\n\t    \n\t\n\n<li >\n\t<a href='?page_no=24676'>Previous<\/a>\n\t<\/li>\n\n\n       \n    \n\n<li><a href='?page_no=1'>1<\/a><\/li>\n\n\n\n<li><a href='?page_no=2'>2<\/a><\/li>\n\n\n\n<li><a>...<\/a><\/li>\n\n\n\n<li><a href='?page_no=24675'>24675<\/a><\/li>\n\n\n\n<li><a href='?page_no=24676'>24676<\/a><\/li>\n\n\n\n<li class='active'><a>24677<\/a><\/li>\n\n\n\n<li><a href='?page_no=24678'>24678<\/a><\/li>\n\n\n\n<li><a href='?page_no=24679'>24679<\/a><\/li>\n\n\n\n<li><a>...<\/a><\/li>\n\n\n\n<li><a href='?page_no=51012'>51012<\/a><\/li>\n\n\n\n<li><a href='?page_no=51013'>51013<\/a><\/li>\n\n    \n\t\n\n<li >\n\t<a href='?page_no=24678'>Next<\/a>\n\t<\/li>\n\n\n    \n\n<li><a href='?page_no=51013'>Last &rsaquo;&rsaquo;<\/a><\/li>\n\n<\/ul>\n\n\n--><br \/>\n<\/body><\/p>\n","protected":false},"excerpt":{"rendered":"<p>Caracas, 12 mar (PL) El gobierno venezolano emplaz\u00f3 hoy a funcionarios estadounidenses y de la embajada de ese pa\u00eds en Caracas por nexos con sectores de la derecha involucrados en planes para desestabilizar a la naci\u00f3n. De acuerdo con el presidente de la Asamblea Nacional (Parlamento), Diosdado Cabello, una de las organizaciones que estimula esas [&hellip;]<\/p>\n","protected":false},"author":3,"featured_media":0,"comment_status":"open","ping_status":"open","sticky":false,"template":"","format":"standard","meta":{"footnotes":""},"categories":[23],"tags":[],"class_list":["post-255032","post","type-post","status-publish","format-standard","hentry","category-internacional"],"_links":{"self":[{"href":"https:\/\/diariodominicano.com\/index.php?rest_route=\/wp\/v2\/posts\/255032","targetHints":{"allow":["GET"]}}],"collection":[{"href":"https:\/\/diariodominicano.com\/index.php?rest_route=\/wp\/v2\/posts"}],"about":[{"href":"https:\/\/diariodominicano.com\/index.php?rest_route=\/wp\/v2\/types\/post"}],"author":[{"embeddable":true,"href":"https:\/\/diariodominicano.com\/index.php?rest_route=\/wp\/v2\/users\/3"}],"replies":[{"embeddable":true,"href":"https:\/\/diariodominicano.com\/index.php?rest_route=%2Fwp%2Fv2%2Fcomments&post=255032"}],"version-history":[{"count":0,"href":"https:\/\/diariodominicano.com\/index.php?rest_route=\/wp\/v2\/posts\/255032\/revisions"}],"wp:attachment":[{"href":"https:\/\/diariodominicano.com\/index.php?rest_route=%2Fwp%2Fv2%2Fmedia&parent=255032"}],"wp:term":[{"taxonomy":"category","embeddable":true,"href":"https:\/\/diariodominicano.com\/index.php?rest_route=%2Fwp%2Fv2%2Fcategories&post=255032"},{"taxonomy":"post_tag","embeddable":true,"href":"https:\/\/diariodominicano.com\/index.php?rest_route=%2Fwp%2Fv2%2Ftags&post=255032"}],"curies":[{"name":"wp","href":"https:\/\/api.w.org\/{rel}","templated":true}]}}