{"id":255030,"date":"2015-03-12T13:35:17","date_gmt":"2015-03-12T13:35:17","guid":{"rendered":"http:\/\/diariodominicano.ddns.net\/?p=255030"},"modified":"2015-03-12T13:35:17","modified_gmt":"2015-03-12T13:35:17","slug":"reunificacion-con-crimea-evito-conflicto-como-en-donbas-afirma-putin","status":"publish","type":"post","link":"https:\/\/diariodominicano.com\/?p=255030","title":{"rendered":"&#13;&#13;Reunificaci\u00f3n con Crimea evit\u00f3 conflicto como en Donb\u00e1s, afirma Putin"},"content":{"rendered":"<p><body><\/p>\n<p><img decoding=\"async\" src=\"img3\/rusia_putin_vladimir.jpg\" \/>  <\/p>\n<p><span class=\"text1noticias\">\t\t<\/span><\/p>\n<p><span class=\"text1noticias\">  <\/span><\/p>\n<\/p>\n<p><span class=\"text1noticias\">Mosc\u00fa, 12 mar (PL) El presidente Vladimir Putin asegur\u00f3 hoy que Rusia actu\u00f3 de manera consecutiva y bastante dura en Crimea hace un a\u00f1o para evitar consecuencias tr\u00e1gicas como las que se observan hoy en el Donb\u00e1s (sureste de Ucrania).<\/span><\/p>\n<\/p>\n<p><span class=\"text1noticias\">Al ofrecer declaraciones en el documental de largometraje \u00abCrimea. El camino hacia la patria\u00bb, presentado parcialmente en el canal Rossiya 1, Putin afirm\u00f3 que para evitar que los acontecimientos se desarrollaran de ese modo Mosc\u00fa se vio obligado a tomar las medidas necesarias.<\/span><\/p>\n<\/p>\n<p><span class=\"text1noticias\">Subray\u00f3 el jefe del Kremlin que el objetivo final de Rusia consist\u00eda en dar a los crimeos y a la ciudad de Sebast\u00f3pol la posibilidad de expresar su opini\u00f3n sobre c\u00f3mo quiere vivir en adelante.<\/span><\/p>\n<\/p>\n<p><span class=\"text1noticias\">La ruptura del orden constitucional en Kiev llev\u00f3 a la rep\u00fablica de Crimea y a la urbe sede de la Flota rusa del mar Negro a realizar un referendo el 16 de marzo, en el cual el 96,77 por ciento de los votantes (83 por ciento de todo el padr\u00f3n) respald\u00f3 la reunificaci\u00f3n con el estado eurasi\u00e1tico.<\/span><\/p>\n<\/p>\n<p><span class=\"text1noticias\">Crimea fue parte de Rusia entre 1783 y 1954, cuando por decisi\u00f3n del Partido Comunista de la Uni\u00f3n Sovi\u00e9tica fue colocada bajo la jurisdicci\u00f3n de la Rep\u00fablica Socialista Sovi\u00e9tica de Ucrania.<\/span><\/p>\n<\/p>\n<p><span class=\"text1noticias\">Al referirse al documental \u00abCrimea. De regreso a la Patria\u00bb, la portavoz de la comisaria de Pol\u00edtica Exterior y Seguridad de la Uni\u00f3n Europea (UE), Maja Kocijancic, critic\u00f3 el respaldo del Kremlin a los partidarios de la separaci\u00f3n de Kiev y la reunificaci\u00f3n con Mosc\u00fa.<\/span><\/p>\n<\/p>\n<p><span class=\"text1noticias\">\u00abEstamos al tanto del rodaje de esta cinta, pero lo que importa es que ya hemos condenado y volveremos a condenar la adhesi\u00f3n de Crimea y Sebast\u00f3pol\u00bb, dijo sin mencionar el caso de Kosovo respecto a Serbia, ejemplo que los l\u00edderes crimeos dicen imitar.<\/span><\/p>\n<\/p>\n<p><span class=\"text1noticias\">Kocijancic reiter\u00f3 que sobre la base de la Carta de la ONU y del Proceso de Helsinki la UE seguir\u00e1 la pol\u00edtica de no reconocimiento y la aplicaci\u00f3n de medidas restrictivas.<\/span><\/p>\n<\/p>\n<p><span class=\"text1noticias\">Coment\u00f3, sin embargo, que la uni\u00f3n de los 28 centra sus esfuerzos en lograr la plena implementaci\u00f3n de la tregua pactada en Minsk el 12 de febrero \u00faltimo entre los gobernantes ucranianos y las insurgentes Rep\u00fablicas Populares de Donetsk y de Lugansk.<\/span><\/p>\n<\/p>\n<h6> 2015-03-12 13:35:17 <\/h6>\n<p><!--\n<link rel=\"stylesheet\" href=\"css\/bootstrap.min.css\">\n\n\n<ul class=\"pagination\">\n\t    \n\t\n\n<li >\n\t<a href='?page_no=24674'>Previous<\/a>\n\t<\/li>\n\n\n       \n    \n\n<li><a href='?page_no=1'>1<\/a><\/li>\n\n\n\n<li><a href='?page_no=2'>2<\/a><\/li>\n\n\n\n<li><a>...<\/a><\/li>\n\n\n\n<li><a href='?page_no=24673'>24673<\/a><\/li>\n\n\n\n<li><a href='?page_no=24674'>24674<\/a><\/li>\n\n\n\n<li class='active'><a>24675<\/a><\/li>\n\n\n\n<li><a href='?page_no=24676'>24676<\/a><\/li>\n\n\n\n<li><a href='?page_no=24677'>24677<\/a><\/li>\n\n\n\n<li><a>...<\/a><\/li>\n\n\n\n<li><a href='?page_no=51012'>51012<\/a><\/li>\n\n\n\n<li><a href='?page_no=51013'>51013<\/a><\/li>\n\n    \n\t\n\n<li >\n\t<a href='?page_no=24676'>Next<\/a>\n\t<\/li>\n\n\n    \n\n<li><a href='?page_no=51013'>Last &rsaquo;&rsaquo;<\/a><\/li>\n\n<\/ul>\n\n\n--><br \/>\n<\/body><\/p>\n","protected":false},"excerpt":{"rendered":"<p>Mosc\u00fa, 12 mar (PL) El presidente Vladimir Putin asegur\u00f3 hoy que Rusia actu\u00f3 de manera consecutiva y bastante dura en Crimea hace un a\u00f1o para evitar consecuencias tr\u00e1gicas como las que se observan hoy en el Donb\u00e1s (sureste de Ucrania). Al ofrecer declaraciones en el documental de largometraje \u00abCrimea. El camino hacia la patria\u00bb, presentado [&hellip;]<\/p>\n","protected":false},"author":3,"featured_media":0,"comment_status":"open","ping_status":"open","sticky":false,"template":"","format":"standard","meta":{"footnotes":""},"categories":[23],"tags":[],"class_list":["post-255030","post","type-post","status-publish","format-standard","hentry","category-internacional"],"_links":{"self":[{"href":"https:\/\/diariodominicano.com\/index.php?rest_route=\/wp\/v2\/posts\/255030","targetHints":{"allow":["GET"]}}],"collection":[{"href":"https:\/\/diariodominicano.com\/index.php?rest_route=\/wp\/v2\/posts"}],"about":[{"href":"https:\/\/diariodominicano.com\/index.php?rest_route=\/wp\/v2\/types\/post"}],"author":[{"embeddable":true,"href":"https:\/\/diariodominicano.com\/index.php?rest_route=\/wp\/v2\/users\/3"}],"replies":[{"embeddable":true,"href":"https:\/\/diariodominicano.com\/index.php?rest_route=%2Fwp%2Fv2%2Fcomments&post=255030"}],"version-history":[{"count":0,"href":"https:\/\/diariodominicano.com\/index.php?rest_route=\/wp\/v2\/posts\/255030\/revisions"}],"wp:attachment":[{"href":"https:\/\/diariodominicano.com\/index.php?rest_route=%2Fwp%2Fv2%2Fmedia&parent=255030"}],"wp:term":[{"taxonomy":"category","embeddable":true,"href":"https:\/\/diariodominicano.com\/index.php?rest_route=%2Fwp%2Fv2%2Fcategories&post=255030"},{"taxonomy":"post_tag","embeddable":true,"href":"https:\/\/diariodominicano.com\/index.php?rest_route=%2Fwp%2Fv2%2Ftags&post=255030"}],"curies":[{"name":"wp","href":"https:\/\/api.w.org\/{rel}","templated":true}]}}