{"id":255029,"date":"2015-03-12T13:39:05","date_gmt":"2015-03-12T13:39:05","guid":{"rendered":"http:\/\/diariodominicano.ddns.net\/?p=255029"},"modified":"2015-03-12T13:39:05","modified_gmt":"2015-03-12T13:39:05","slug":"francia-se-alista-para-aumentar-presencia-militar-en-africa","status":"publish","type":"post","link":"https:\/\/diariodominicano.com\/?p=255029","title":{"rendered":"&#13;&#13;Francia se alista para aumentar presencia militar en \u00c1frica\t\t\t&#13;"},"content":{"rendered":"<p><body><\/p>\n<p><img decoding=\"async\" src=\"img3\/africa-soldadosfranceses.jpg\" \/>  <\/p>\n<\/p>\n<p>Par\u00eds, 12 mar (PL) Francia se alista para aumentar sus efectivos militares en \u00c1frica donde hoy mantiene una fuerte presencia con el alegado objetivo de luchar contra grupos extremistas.<\/p>\n<\/p>\n<p>Para ello, se prev\u00e9n m\u00e1s env\u00edos de tropas a varios pa\u00edses del centro y el oeste de ese continente a fin de combatir al grupo extremista isl\u00e1mico Boko Haram y otras amenazas en el \u00e1rea del Sahel, precisaron fuentes del Ministerio de Defensa.<\/p>\n<\/p>\n<p>Seg\u00fan lo divulgado, el prop\u00f3sito principal ser\u00e1 el apoyo log\u00edstico a las tropas de naciones como Chad, Camer\u00fan y Nigeria, pero no la intervenci\u00f3n en los combates.<\/p>\n<\/p>\n<p>El pasado 14 de enero, a una semana del atentado ocurrido en la capital francesa contra la sede del semanario sat\u00edrico Charlie Hebdo, el presidente Francois Hollande anunci\u00f3 la disposici\u00f3n a profundizar la intervenci\u00f3n en conflictos externos y, por consiguiente, la postura belicista.<\/p>\n<\/p>\n<p>Ese mismo d\u00eda Hollande comunic\u00f3 la movilizaci\u00f3n del Charles de Gaulle para intervenir en Iraq con \u00abtodav\u00eda m\u00e1s fuerza e intensidad\u00bb.<\/p>\n<\/p>\n<p>Desde que se ocurrieron los ataques, expertos alertaron de la instrumentalizaci\u00f3n de los actos violentos. Opinaron que los atentados, calificados de barbarie terrorista, podr\u00edan desencadenar un giro del Gobierno hacia la derecha y un repunte de la islamofobia en Europa.<\/p>\n<\/p>\n<p>Advirtieron sobre la posibilidad de que los \u00faltimos acontecimientos fueran utilizados para intentar justificar determinadas acciones como la intervenci\u00f3n en conflictos armados en el exterior.<\/p>\n<\/p>\n<p>Francia es parte de la coalici\u00f3n internacional de unas 40 naciones, 10 de ellas \u00e1rabes, liderada por Estados Unidos, que bombardea zonas ocupadas por el autodenominado Estado Isl\u00e1mico (EI), el movimiento armado islamista que controla territorios en Iraq y Siria y est\u00e1 implantado en T\u00fanez, Libia y Egipto.<\/p>\n<\/p>\n<p>En la actualidad, adem\u00e1s de las operaciones Barkhane, en la franja sahelo-sahariana, y la Sangaris en la Rep\u00fablica Centroafricana, la fuerza a\u00e9rea gala participa en los bombardeos contra el EI en Iraq.<\/p>\n<\/p>\n<p>El pa\u00eds posee tambi\u00e9n bases en Chad, N\u00edger, Costa de Marfil y Djibuti, y en 2010 devolvi\u00f3 oficialmente sus instalaciones a Senegal, pero mantuvo un contingente en esa naci\u00f3n<\/p>\n<\/p>\n<h6> 2015-03-12 13:39:05 <\/h6>\n<p><!--\n<link rel=\"stylesheet\" href=\"css\/bootstrap.min.css\">\n\n\n<ul class=\"pagination\">\n\t    \n\t\n\n<li >\n\t<a href='?page_no=24673'>Previous<\/a>\n\t<\/li>\n\n\n       \n    \n\n<li><a href='?page_no=1'>1<\/a><\/li>\n\n\n\n<li><a href='?page_no=2'>2<\/a><\/li>\n\n\n\n<li><a>...<\/a><\/li>\n\n\n\n<li><a href='?page_no=24672'>24672<\/a><\/li>\n\n\n\n<li><a href='?page_no=24673'>24673<\/a><\/li>\n\n\n\n<li class='active'><a>24674<\/a><\/li>\n\n\n\n<li><a href='?page_no=24675'>24675<\/a><\/li>\n\n\n\n<li><a href='?page_no=24676'>24676<\/a><\/li>\n\n\n\n<li><a>...<\/a><\/li>\n\n\n\n<li><a href='?page_no=51012'>51012<\/a><\/li>\n\n\n\n<li><a href='?page_no=51013'>51013<\/a><\/li>\n\n    \n\t\n\n<li >\n\t<a href='?page_no=24675'>Next<\/a>\n\t<\/li>\n\n\n    \n\n<li><a href='?page_no=51013'>Last &rsaquo;&rsaquo;<\/a><\/li>\n\n<\/ul>\n\n\n--><br \/>\n<\/body><\/p>\n","protected":false},"excerpt":{"rendered":"<p>Par\u00eds, 12 mar (PL) Francia se alista para aumentar sus efectivos militares en \u00c1frica donde hoy mantiene una fuerte presencia con el alegado objetivo de luchar contra grupos extremistas. Para ello, se prev\u00e9n m\u00e1s env\u00edos de tropas a varios pa\u00edses del centro y el oeste de ese continente a fin de combatir al grupo extremista [&hellip;]<\/p>\n","protected":false},"author":3,"featured_media":0,"comment_status":"open","ping_status":"open","sticky":false,"template":"","format":"standard","meta":{"footnotes":""},"categories":[23],"tags":[],"class_list":["post-255029","post","type-post","status-publish","format-standard","hentry","category-internacional"],"_links":{"self":[{"href":"https:\/\/diariodominicano.com\/index.php?rest_route=\/wp\/v2\/posts\/255029","targetHints":{"allow":["GET"]}}],"collection":[{"href":"https:\/\/diariodominicano.com\/index.php?rest_route=\/wp\/v2\/posts"}],"about":[{"href":"https:\/\/diariodominicano.com\/index.php?rest_route=\/wp\/v2\/types\/post"}],"author":[{"embeddable":true,"href":"https:\/\/diariodominicano.com\/index.php?rest_route=\/wp\/v2\/users\/3"}],"replies":[{"embeddable":true,"href":"https:\/\/diariodominicano.com\/index.php?rest_route=%2Fwp%2Fv2%2Fcomments&post=255029"}],"version-history":[{"count":0,"href":"https:\/\/diariodominicano.com\/index.php?rest_route=\/wp\/v2\/posts\/255029\/revisions"}],"wp:attachment":[{"href":"https:\/\/diariodominicano.com\/index.php?rest_route=%2Fwp%2Fv2%2Fmedia&parent=255029"}],"wp:term":[{"taxonomy":"category","embeddable":true,"href":"https:\/\/diariodominicano.com\/index.php?rest_route=%2Fwp%2Fv2%2Fcategories&post=255029"},{"taxonomy":"post_tag","embeddable":true,"href":"https:\/\/diariodominicano.com\/index.php?rest_route=%2Fwp%2Fv2%2Ftags&post=255029"}],"curies":[{"name":"wp","href":"https:\/\/api.w.org\/{rel}","templated":true}]}}