{"id":255027,"date":"2015-03-12T13:46:53","date_gmt":"2015-03-12T13:46:53","guid":{"rendered":"http:\/\/diariodominicano.ddns.net\/?p=255027"},"modified":"2015-03-12T13:46:53","modified_gmt":"2015-03-12T13:46:53","slug":"ejercito-sirio-rechaza-nuevo-ataque-terrorista-contra-maharda","status":"publish","type":"post","link":"https:\/\/diariodominicano.com\/?p=255027","title":{"rendered":"&#13;Ej\u00e9rcito sirio rechaza nuevo ataque terrorista contra Maharda"},"content":{"rendered":"<p><body><\/p>\n<p><img decoding=\"async\" src=\"img3\/siria-ejercito-bandera.jpg\" \/>  <\/p>\n<p><span class=\"text1noticias\">\t\t<\/span><\/p>\n<p><span class=\"text1noticias\">  <\/span><\/p>\n<\/p>\n<p><span class=\"text1noticias\">Damasco, 12 mar (PL) Grupos armados terroristas atacaron posiciones del ej\u00e9rcito sirio en las proximidades de la ciudad de Maharda, situada a unos 23 kil\u00f3metros al noroeste de la provincia de Hama, informaron hoy fuentes militares.<\/span><\/p>\n<\/p>\n<p><span class=\"text1noticias\">Voceros de las fuerzas armadas dijeron a Prensa Latina que el ataque ocurri\u00f3 en la noche de ayer, pero los armados antigubernamentales no pudieron tomar ninguno de los puntos de control militares que protegen la zona.<\/span><\/p>\n<\/p>\n<p><span class=\"text1noticias\">Al producirse el ataque de los grupos terroristas, se activaron las alarmas en la ciudad de mayor\u00eda cristiana, y los grupos de defensa popular se incorporaron junto al ej\u00e9rcito, para repeler el ataque.<\/span><\/p>\n<\/p>\n<p><span class=\"text1noticias\">En agosto pasado, los extremistas atacaron con cohetes y obuses de mortero la planta el\u00e9ctrica ubicada en Maharda, y que suministra energ\u00eda a m\u00e1s de la mitad del pa\u00eds, provocando serios da\u00f1os materiales en los generadores y dejando a un civil muerto.<\/span><\/p>\n<\/p>\n<p><span class=\"text1noticias\">Por otra parte, las fuerzas armadas sirias intensifican sus operaciones militares contra agrupaciones terroristas en las provincias de Hama, Daraa, Homs, Latakia, Idleb, Alepo, y en zonas rurales de Damasco, afirmaron hoy voceros militares en Damasco.<\/span><\/p>\n<\/p>\n<p><span class=\"text1noticias\">Las mismas fuentes confirmaron que en las proximidades de la capital siria, el ej\u00e9rcito oper\u00f3 contra agrupaciones extremistas en la zona monta\u00f1osa de Qalamun, provoc\u00e1ndole p\u00e9rdidas humanas y materiales en Mishirfeh y Qara, cerca de la frontera con L\u00edbano.<\/span><\/p>\n<\/p>\n<p><span class=\"text1noticias\">Tambi\u00e9n se reportaron enfrentamientos en Duma, al este de Gutta, donde los uniformados destruyeron dos veh\u00edculos, uno de ellos equipado con una ametralladora pesada.<\/span><\/p>\n<\/p>\n<p><span class=\"text1noticias\">En Alepo, a 350 kil\u00f3metros al norte de aqu\u00ed, tropas del ej\u00e9rcito sirio asestaron duros golpes a miembros del grupo Estado Isl\u00e1mico (EI) en la zonas de al-Shakif,Tal Jibia, y Tal al-Madafah, y destruyeron escondites y dep\u00f3sitos de armas en Maktaa al-Bakaarah.<\/span><\/p>\n<\/p>\n<p><span class=\"text1noticias\">Decenas de terroristas resultaron muertos en la aldea de al-Mansourah, a unos 10 kil\u00f3metros al oeste de Alepo.<\/span><\/p>\n<\/p>\n<p><span class=\"text1noticias\">En la provincia de Idleb, a 320 kil\u00f3metros al noroeste de Damasco, se combati\u00f3 en Um Wadi, Kare&#8217;e al-Ghazal y Um Jrein, en zonas rurales de esta gobernaci\u00f3n.<\/span><\/p>\n<\/p>\n<p><span class=\"text1noticias\">Voceros militares dijeron que los grupos extremistas sufrieron significativas bajas durante enfrentamientos en Hallouz, Zeizoun, Ariha y los alrededores de Bennis, al norte de esta provincia.<\/span><\/p>\n<\/p>\n<p><span class=\"text1noticias\">Varios terroristas extranjeros fueron aniquilados en Ein Sheib, Sarjeh, Ma&#8217;aret al-Numan, al-Tibeh, Haj Hamoud, y al-Husseiniye, donde fue destruido un dep\u00f3sito de municiones, indicaron los informantes.<\/span><\/p>\n<\/p>\n<h6> 2015-03-12 13:46:53 <\/h6>\n<p><!--\n<link rel=\"stylesheet\" href=\"css\/bootstrap.min.css\">\n\n\n<ul class=\"pagination\">\n\t    \n\t\n\n<li >\n\t<a href='?page_no=24671'>Previous<\/a>\n\t<\/li>\n\n\n       \n    \n\n<li><a href='?page_no=1'>1<\/a><\/li>\n\n\n\n<li><a href='?page_no=2'>2<\/a><\/li>\n\n\n\n<li><a>...<\/a><\/li>\n\n\n\n<li><a href='?page_no=24670'>24670<\/a><\/li>\n\n\n\n<li><a href='?page_no=24671'>24671<\/a><\/li>\n\n\n\n<li class='active'><a>24672<\/a><\/li>\n\n\n\n<li><a href='?page_no=24673'>24673<\/a><\/li>\n\n\n\n<li><a href='?page_no=24674'>24674<\/a><\/li>\n\n\n\n<li><a>...<\/a><\/li>\n\n\n\n<li><a href='?page_no=51012'>51012<\/a><\/li>\n\n\n\n<li><a href='?page_no=51013'>51013<\/a><\/li>\n\n    \n\t\n\n<li >\n\t<a href='?page_no=24673'>Next<\/a>\n\t<\/li>\n\n\n    \n\n<li><a href='?page_no=51013'>Last &rsaquo;&rsaquo;<\/a><\/li>\n\n<\/ul>\n\n\n--><br \/>\n<\/body><\/p>\n","protected":false},"excerpt":{"rendered":"<p>Damasco, 12 mar (PL) Grupos armados terroristas atacaron posiciones del ej\u00e9rcito sirio en las proximidades de la ciudad de Maharda, situada a unos 23 kil\u00f3metros al noroeste de la provincia de Hama, informaron hoy fuentes militares. Voceros de las fuerzas armadas dijeron a Prensa Latina que el ataque ocurri\u00f3 en la noche de ayer, pero [&hellip;]<\/p>\n","protected":false},"author":3,"featured_media":0,"comment_status":"open","ping_status":"open","sticky":false,"template":"","format":"standard","meta":{"footnotes":""},"categories":[23],"tags":[],"class_list":["post-255027","post","type-post","status-publish","format-standard","hentry","category-internacional"],"_links":{"self":[{"href":"https:\/\/diariodominicano.com\/index.php?rest_route=\/wp\/v2\/posts\/255027","targetHints":{"allow":["GET"]}}],"collection":[{"href":"https:\/\/diariodominicano.com\/index.php?rest_route=\/wp\/v2\/posts"}],"about":[{"href":"https:\/\/diariodominicano.com\/index.php?rest_route=\/wp\/v2\/types\/post"}],"author":[{"embeddable":true,"href":"https:\/\/diariodominicano.com\/index.php?rest_route=\/wp\/v2\/users\/3"}],"replies":[{"embeddable":true,"href":"https:\/\/diariodominicano.com\/index.php?rest_route=%2Fwp%2Fv2%2Fcomments&post=255027"}],"version-history":[{"count":0,"href":"https:\/\/diariodominicano.com\/index.php?rest_route=\/wp\/v2\/posts\/255027\/revisions"}],"wp:attachment":[{"href":"https:\/\/diariodominicano.com\/index.php?rest_route=%2Fwp%2Fv2%2Fmedia&parent=255027"}],"wp:term":[{"taxonomy":"category","embeddable":true,"href":"https:\/\/diariodominicano.com\/index.php?rest_route=%2Fwp%2Fv2%2Fcategories&post=255027"},{"taxonomy":"post_tag","embeddable":true,"href":"https:\/\/diariodominicano.com\/index.php?rest_route=%2Fwp%2Fv2%2Ftags&post=255027"}],"curies":[{"name":"wp","href":"https:\/\/api.w.org\/{rel}","templated":true}]}}