{"id":255026,"date":"2015-03-12T13:53:29","date_gmt":"2015-03-12T13:53:29","guid":{"rendered":"http:\/\/diariodominicano.ddns.net\/?p=255026"},"modified":"2015-03-12T13:53:29","modified_gmt":"2015-03-12T13:53:29","slug":"fiscal-general-de-ee-uu-condena-ataque-contra-policias-en-ferguson","status":"publish","type":"post","link":"https:\/\/diariodominicano.com\/?p=255026","title":{"rendered":"&#13;&#13;Fiscal general de EE.UU. condena ataque contra polic\u00edas en Ferguson"},"content":{"rendered":"<p><body><\/p>\n<p><img decoding=\"async\" src=\"img3\/eua_eric_holder.jpg\" \/>  <\/p>\n<p><span class=\"text1noticias\">\t\t\t<\/span><\/p>\n<p><span class=\"text1noticias\">  <\/span><\/p>\n<\/p>\n<p><span class=\"text1noticias\">Washington, 12 mar (PL) El fiscal general de Estados Unidos, Eric Holder Jr., calific\u00f3 hoy de atroz y repugnante el ataque en que resultaron heridos de bala dos oficiales durante protestas contra el cuerpo de polic\u00eda de Ferguson, Missouri.<\/span><\/p>\n<\/p>\n<p><span class=\"text1noticias\">Holder conden\u00f3 el \u00abatroz ataque\u00bb, el cual catalog\u00f3 adem\u00e1s como inexcusable y cobarde; en tanto, las autoridades investigan los hechos.<\/span><\/p>\n<\/p>\n<p><span class=\"text1noticias\">Los agentes recibieron impactos en la cara y en un hombro, respectivamente.<\/span><\/p>\n<\/p>\n<p><span class=\"text1noticias\">Ferguson ha vivido frecuentes disturbios desde agosto del a\u00f1o pasado, cuando el adolescente afroamericano Michael Brown, de 18 a\u00f1os, muri\u00f3 baleado por el polic\u00eda blanco Darren Wilson, quien a la postre fue exonerado de cargos criminales.<\/span><\/p>\n<\/p>\n<p><span class=\"text1noticias\">El Departamento de Justicia nunca aceptar\u00e1 amenazas o violencia dirigida a aquellos que sirven y protegen nuestras comunidades, afirm\u00f3 este jueves Holder, luego de que hace una semana esa cartera publicara sendos informes sobre el caso Brown y las relaciones entre la polic\u00eda local y los afroamericanos en Ferguson.<\/span><\/p>\n<\/p>\n<p><span class=\"text1noticias\">Una de las investigaciones exoner\u00f3 de cargos a Wilson pues no se encontraron pruebas para negar la \u00abcreencia subjetiva\u00bb de que el agente tem\u00eda por su seguridad cuando dispar\u00f3 contra Brown.<\/span><\/p>\n<\/p>\n<p><span class=\"text1noticias\">En cambio, la otra pesquisa encontr\u00f3 evidencia de un patr\u00f3n inconstitucional en la actuaci\u00f3n de la polic\u00eda local contra residentes negros, el cual incluy\u00f3 arrestos, citaciones, uso de la fuerza injustificados y violaciones de la libertad de expresi\u00f3n.<\/span><\/p>\n<\/p>\n<p><span class=\"text1noticias\">El propio Holder sostuvo entonces que los miembros del departamento de polic\u00eda de Ferguson violaron rutinariamente la Cuarta Enmienda mediante la detenci\u00f3n de personas sin sospecha razonable, arrestos sin causa probable, y el uso de fuerza excesiva.<\/span><\/p>\n<\/p>\n<p><span class=\"text1noticias\">Asimismo, el alto funcionario describi\u00f3 una comunidad \u00abprofundamente polarizada\u00bb y se\u00f1al\u00f3 que una \u00abprofunda desconfianza y la hostilidad a menudo caracterizan las interacciones entre la polic\u00eda y los residentes del \u00e1rea\u00bb.<\/span><\/p>\n<\/p>\n<p><span class=\"text1noticias\">Holder inst\u00f3 a los l\u00edderes de Ferguson a tomar \u00abmedidas correctivas inmediatas\u00bb y abog\u00f3 por una \u00abreconciliaci\u00f3n para reducir y eliminar los prejuicios, y para salvar las diferencias y construir entendimiento\u00bb.<\/span><\/p>\n<\/p>\n<p><span class=\"text1noticias\">La v\u00edspera, el jefe de Polic\u00eda de Ferguson, Thomas Jackson, present\u00f3 su renuncia tras resistir durante meses las presiones para que dejara el cargo.<\/span><\/p>\n<\/p>\n<h6> 2015-03-12 13:53:29 <\/h6>\n<p><!--\n<link rel=\"stylesheet\" href=\"css\/bootstrap.min.css\">\n\n\n<ul class=\"pagination\">\n\t    \n\t\n\n<li >\n\t<a href='?page_no=24670'>Previous<\/a>\n\t<\/li>\n\n\n       \n    \n\n<li><a href='?page_no=1'>1<\/a><\/li>\n\n\n\n<li><a href='?page_no=2'>2<\/a><\/li>\n\n\n\n<li><a>...<\/a><\/li>\n\n\n\n<li><a href='?page_no=24669'>24669<\/a><\/li>\n\n\n\n<li><a href='?page_no=24670'>24670<\/a><\/li>\n\n\n\n<li class='active'><a>24671<\/a><\/li>\n\n\n\n<li><a href='?page_no=24672'>24672<\/a><\/li>\n\n\n\n<li><a href='?page_no=24673'>24673<\/a><\/li>\n\n\n\n<li><a>...<\/a><\/li>\n\n\n\n<li><a href='?page_no=51012'>51012<\/a><\/li>\n\n\n\n<li><a href='?page_no=51013'>51013<\/a><\/li>\n\n    \n\t\n\n<li >\n\t<a href='?page_no=24672'>Next<\/a>\n\t<\/li>\n\n\n    \n\n<li><a href='?page_no=51013'>Last &rsaquo;&rsaquo;<\/a><\/li>\n\n<\/ul>\n\n\n--><br \/>\n<\/body><\/p>\n","protected":false},"excerpt":{"rendered":"<p>Washington, 12 mar (PL) El fiscal general de Estados Unidos, Eric Holder Jr., calific\u00f3 hoy de atroz y repugnante el ataque en que resultaron heridos de bala dos oficiales durante protestas contra el cuerpo de polic\u00eda de Ferguson, Missouri. Holder conden\u00f3 el \u00abatroz ataque\u00bb, el cual catalog\u00f3 adem\u00e1s como inexcusable y cobarde; en tanto, las [&hellip;]<\/p>\n","protected":false},"author":3,"featured_media":0,"comment_status":"open","ping_status":"open","sticky":false,"template":"","format":"standard","meta":{"footnotes":""},"categories":[23],"tags":[],"class_list":["post-255026","post","type-post","status-publish","format-standard","hentry","category-internacional"],"_links":{"self":[{"href":"https:\/\/diariodominicano.com\/index.php?rest_route=\/wp\/v2\/posts\/255026","targetHints":{"allow":["GET"]}}],"collection":[{"href":"https:\/\/diariodominicano.com\/index.php?rest_route=\/wp\/v2\/posts"}],"about":[{"href":"https:\/\/diariodominicano.com\/index.php?rest_route=\/wp\/v2\/types\/post"}],"author":[{"embeddable":true,"href":"https:\/\/diariodominicano.com\/index.php?rest_route=\/wp\/v2\/users\/3"}],"replies":[{"embeddable":true,"href":"https:\/\/diariodominicano.com\/index.php?rest_route=%2Fwp%2Fv2%2Fcomments&post=255026"}],"version-history":[{"count":0,"href":"https:\/\/diariodominicano.com\/index.php?rest_route=\/wp\/v2\/posts\/255026\/revisions"}],"wp:attachment":[{"href":"https:\/\/diariodominicano.com\/index.php?rest_route=%2Fwp%2Fv2%2Fmedia&parent=255026"}],"wp:term":[{"taxonomy":"category","embeddable":true,"href":"https:\/\/diariodominicano.com\/index.php?rest_route=%2Fwp%2Fv2%2Fcategories&post=255026"},{"taxonomy":"post_tag","embeddable":true,"href":"https:\/\/diariodominicano.com\/index.php?rest_route=%2Fwp%2Fv2%2Ftags&post=255026"}],"curies":[{"name":"wp","href":"https:\/\/api.w.org\/{rel}","templated":true}]}}