{"id":255025,"date":"2015-03-12T13:58:52","date_gmt":"2015-03-12T13:58:52","guid":{"rendered":"http:\/\/diariodominicano.ddns.net\/?p=255025"},"modified":"2015-03-12T13:58:52","modified_gmt":"2015-03-12T13:58:52","slug":"proxima-semana-se-conocera-si-fueron-hallados-los-restos-de-cervantes","status":"publish","type":"post","link":"https:\/\/diariodominicano.com\/?p=255025","title":{"rendered":"&#13;&#13;Pr\u00f3xima semana se conocer\u00e1 si fueron hallados los restos de Cervantes"},"content":{"rendered":"<p><body><\/p>\n<p><img decoding=\"async\" src=\"img3\/cervantes-restos.jpg\" \/>  <\/p>\n<p><span class=\"text1noticias\">\t\t<\/span><\/p>\n<p><span class=\"text1noticias\">  <\/span><\/p>\n<\/p>\n<p><span class=\"text1noticias\">Madrid, 12 mar (PL) Expertos espa\u00f1oles analizan hoy los presuntos restos de Miguel de Cervantes hallados en la iglesia de las Trinitarias de Madrid, aunque todav\u00eda sin confirmaci\u00f3n oficial.<\/span><\/p>\n<\/p>\n<p><span class=\"text1noticias\">Seg\u00fan versiones de fuentes cercanas a la investigaci\u00f3n el estudio se centra en una mand\u00edbula y restos \u00f3seos que se suponen sean de Catalina de Salazar, esposa del genial escritor de la literatura espa\u00f1ola.<\/span><\/p>\n<\/p>\n<p><span class=\"text1noticias\">El hallazgo no fue realizado en e nicho en que se hab\u00edan encontrados tablas de un ata\u00fad con las iniciales M.C., que en un primer momento levantaron muchas expectativas pero ahora se supone corresponden a los restos del padre de Cervantes y su esposa.<\/span><\/p>\n<\/p>\n<p><span class=\"text1noticias\">Tampoco se encontraron en el lugar donde se considera fue sepultado en 1616 sino en otro nicho al que pudieron haber sido trasladados debido a las obras de remodelaci\u00f3n del templo iniciadas en 1673.<\/span><\/p>\n<\/p>\n<p><span class=\"text1noticias\">La investigaci\u00f3n debe concluir el pr\u00f3ximo lunes y sus resultados se espera sean dados a conocer el martes en una rueda de prensa en el Ayuntamiento de Madrid que en un comunicado advirti\u00f3 que a\u00fan no se puede garantizar el hallazgo de los restos de Cervantes y su esposa.<\/span><\/p>\n<\/p>\n<p><span class=\"text1noticias\">La b\u00fasqueda se realiza desde abril del 2014, cuando se comenz\u00f3 a explorar el subsuelo con la ayuda de un georradar, mediante el cual se localizaron varias criptas y en enero pasado comenz\u00f3 la investigaci\u00f3n antropol\u00f3gica de unos 200 enterramientos detectados.<\/span><\/p>\n<\/p>\n<h6> 2015-03-12 13:58:52 <\/h6>\n<p><!--\n<link rel=\"stylesheet\" href=\"css\/bootstrap.min.css\">\n\n\n<ul class=\"pagination\">\n\t    \n\t\n\n<li >\n\t<a href='?page_no=24669'>Previous<\/a>\n\t<\/li>\n\n\n       \n    \n\n<li><a href='?page_no=1'>1<\/a><\/li>\n\n\n\n<li><a href='?page_no=2'>2<\/a><\/li>\n\n\n\n<li><a>...<\/a><\/li>\n\n\n\n<li><a href='?page_no=24668'>24668<\/a><\/li>\n\n\n\n<li><a href='?page_no=24669'>24669<\/a><\/li>\n\n\n\n<li class='active'><a>24670<\/a><\/li>\n\n\n\n<li><a href='?page_no=24671'>24671<\/a><\/li>\n\n\n\n<li><a href='?page_no=24672'>24672<\/a><\/li>\n\n\n\n<li><a>...<\/a><\/li>\n\n\n\n<li><a href='?page_no=51012'>51012<\/a><\/li>\n\n\n\n<li><a href='?page_no=51013'>51013<\/a><\/li>\n\n    \n\t\n\n<li >\n\t<a href='?page_no=24671'>Next<\/a>\n\t<\/li>\n\n\n    \n\n<li><a href='?page_no=51013'>Last &rsaquo;&rsaquo;<\/a><\/li>\n\n<\/ul>\n\n\n--><br \/>\n<\/body><\/p>\n","protected":false},"excerpt":{"rendered":"<p>Madrid, 12 mar (PL) Expertos espa\u00f1oles analizan hoy los presuntos restos de Miguel de Cervantes hallados en la iglesia de las Trinitarias de Madrid, aunque todav\u00eda sin confirmaci\u00f3n oficial. Seg\u00fan versiones de fuentes cercanas a la investigaci\u00f3n el estudio se centra en una mand\u00edbula y restos \u00f3seos que se suponen sean de Catalina de Salazar, [&hellip;]<\/p>\n","protected":false},"author":3,"featured_media":0,"comment_status":"open","ping_status":"open","sticky":false,"template":"","format":"standard","meta":{"footnotes":""},"categories":[23],"tags":[],"class_list":["post-255025","post","type-post","status-publish","format-standard","hentry","category-internacional"],"_links":{"self":[{"href":"https:\/\/diariodominicano.com\/index.php?rest_route=\/wp\/v2\/posts\/255025","targetHints":{"allow":["GET"]}}],"collection":[{"href":"https:\/\/diariodominicano.com\/index.php?rest_route=\/wp\/v2\/posts"}],"about":[{"href":"https:\/\/diariodominicano.com\/index.php?rest_route=\/wp\/v2\/types\/post"}],"author":[{"embeddable":true,"href":"https:\/\/diariodominicano.com\/index.php?rest_route=\/wp\/v2\/users\/3"}],"replies":[{"embeddable":true,"href":"https:\/\/diariodominicano.com\/index.php?rest_route=%2Fwp%2Fv2%2Fcomments&post=255025"}],"version-history":[{"count":0,"href":"https:\/\/diariodominicano.com\/index.php?rest_route=\/wp\/v2\/posts\/255025\/revisions"}],"wp:attachment":[{"href":"https:\/\/diariodominicano.com\/index.php?rest_route=%2Fwp%2Fv2%2Fmedia&parent=255025"}],"wp:term":[{"taxonomy":"category","embeddable":true,"href":"https:\/\/diariodominicano.com\/index.php?rest_route=%2Fwp%2Fv2%2Fcategories&post=255025"},{"taxonomy":"post_tag","embeddable":true,"href":"https:\/\/diariodominicano.com\/index.php?rest_route=%2Fwp%2Fv2%2Ftags&post=255025"}],"curies":[{"name":"wp","href":"https:\/\/api.w.org\/{rel}","templated":true}]}}