{"id":255023,"date":"2015-03-12T14:08:01","date_gmt":"2015-03-12T14:08:01","guid":{"rendered":"http:\/\/diariodominicano.ddns.net\/?p=255023"},"modified":"2015-03-12T14:08:01","modified_gmt":"2015-03-12T14:08:01","slug":"defensor-de-dd-hh-insta-a-facilitar-conteo-definitivo-en-el-salvador","status":"publish","type":"post","link":"https:\/\/diariodominicano.com\/?p=255023","title":{"rendered":"&#13;Defensor de DD.HH. insta a facilitar conteo definitivo en El Salvador\t\t\t&#13;"},"content":{"rendered":"<p><body><\/p>\n<p><img decoding=\"async\" src=\"img3\/salvador_david_morales.jpg\" \/>  <\/p>\n<\/p>\n<p><span class=\"text1noticias\">San Salvador, 12 mar (PL) El procurador para la Defensa de los Derechos Humanos en El Salvador, David Morales, llam\u00f3 hoy a los partidos pol\u00edticos a facilitar el escrutinio definitivo de las elecciones del pasado 1 de marzo.<\/span><\/p>\n<\/p>\n<p><span class=\"text1noticias\">En una entrevista con la televisi\u00f3n, Morales descart\u00f3 un falseamiento de los resultados electorales como pretenden hacer ver algunas fuerzas contendientes, como el partido Alianza Republicana Nacionalista (Arena).<\/span><\/p>\n<\/p>\n<p><span class=\"text1noticias\">Record\u00f3 que la Procuradur\u00eda de los Derechos Humanos fue testigo del trabajo incansable de los miembros de las juntas receptoras de voto para contar los sufragios y llenar las actas durante horas ininterrumpidas tras el cierre de las elecciones.<\/span><\/p>\n<\/p>\n<p><span class=\"text1noticias\">Morales critic\u00f3 la decisi\u00f3n de la Sala de lo Constitucional al avalar el voto cruzado mediante el cual los electores pod\u00edan sufragar por candidatos de distintos partidos pol\u00edticos a la vez, a solo cuatro de meses de la celebraci\u00f3n de los comicios municipales y legislativos.<\/span><\/p>\n<\/p>\n<p><span class=\"text1noticias\">El Defensor de los Derechos Humanos asegur\u00f3 que la Sala antes de emitir un fallo tiene en cuenta el impacto pol\u00edtico que puede traer.<\/span><\/p>\n<\/p>\n<p><span class=\"text1noticias\">En mi pronunciamiento he se\u00f1alado que la sentencia de Sala de lo Constitucional incidi\u00f3 negativamente en este proceso, porque el Tribunal Supremo Electoral tuvo muy poco margen para capacitar a los miembros de las mesas de votaci\u00f3n lo cual trajo consigo algunos errores, dijo.<\/span><\/p>\n<\/p>\n<p><span class=\"text1noticias\">Acerca de la petici\u00f3n de algunos partidos de abrir las urnas para el conteo de los votos, se\u00f1al\u00f3 que solo debe hacerse en situaciones extremas y que lo requieran realmente.<\/span><\/p>\n<\/p>\n<p><span class=\"text1noticias\">Recalc\u00f3 que el Tribunal Supremo Electoral (TSE) es la m\u00e1xima autoridad para solucionar algunas inconsistencias se\u00f1aladas en las actas.<\/span><\/p>\n<\/p>\n<p><span class=\"text1noticias\">Morales opin\u00f3 que el pa\u00eds no est\u00e1 al borde de una crisis como tratan de hacer ver algunos partidos, lo que s\u00ed hay es incertidumbre por conocer los resultados.<\/span><\/p>\n<\/p>\n<p><span class=\"text1noticias\">Al mismo tiempo rechaz\u00f3 el abuso de algunos partidos que generan violencia y descalifican TSE.<\/span><\/p>\n<\/p>\n<p><span class=\"text1noticias\">Esta ma\u00f1ana representantes del partido Gran Alianza por la Unidad Nacional (GANA) denunciaron que Arena y otras dos fuerzas pol\u00edticas obstaculizan el avance del escrutinio definitivo.<\/span><\/p>\n<\/p>\n<p><span class=\"text1noticias\">De acuerdo con Mario Tenorio, el presidente de Arena, Jorge Velado, diariamente recorre el centro de conteo dando \u00f3rdenes a sus miembros que participan en las mesas para que retrasen el proceso, no firmen las actas, entre otras acciones.<\/span><\/p>\n<\/p>\n<p><span class=\"text1noticias\">Por su parte, Guillermo Gallegos, tambi\u00e9n de GANA, llam\u00f3 a respetar la democracia y la voluntad popular expresada en las urnas.<\/span><\/p>\n<\/p>\n<p><span class=\"text1noticias\">El pasado 1 de marzo los electores salvadore\u00f1os, en unos comicios calificados de muy complejos, votaron por sus 84 diputados a la Asamblea Legislativa, los 262 Concejos Municipales Plurales, y los 20 representantes en el Parlamento centroamericano.<\/span><\/p>\n<\/p>\n<p><span class=\"text1noticias\">Un fallo tecnol\u00f3gico impidi\u00f3 la divulgaci\u00f3n de los resultados preliminares, hecho que el presidente del TSE, Julio Olivo, denunci\u00f3 como parte de un sabotaje contra el proceso electoral.<\/span><\/p>\n<\/p>\n<h6> 2015-03-12 14:08:01 <\/h6>\n<p><!--\n<link rel=\"stylesheet\" href=\"css\/bootstrap.min.css\">\n\n\n<ul class=\"pagination\">\n\t    \n\t\n\n<li >\n\t<a href='?page_no=24667'>Previous<\/a>\n\t<\/li>\n\n\n       \n    \n\n<li><a href='?page_no=1'>1<\/a><\/li>\n\n\n\n<li><a href='?page_no=2'>2<\/a><\/li>\n\n\n\n<li><a>...<\/a><\/li>\n\n\n\n<li><a href='?page_no=24666'>24666<\/a><\/li>\n\n\n\n<li><a href='?page_no=24667'>24667<\/a><\/li>\n\n\n\n<li class='active'><a>24668<\/a><\/li>\n\n\n\n<li><a href='?page_no=24669'>24669<\/a><\/li>\n\n\n\n<li><a href='?page_no=24670'>24670<\/a><\/li>\n\n\n\n<li><a>...<\/a><\/li>\n\n\n\n<li><a href='?page_no=51012'>51012<\/a><\/li>\n\n\n\n<li><a href='?page_no=51013'>51013<\/a><\/li>\n\n    \n\t\n\n<li >\n\t<a href='?page_no=24669'>Next<\/a>\n\t<\/li>\n\n\n    \n\n<li><a href='?page_no=51013'>Last &rsaquo;&rsaquo;<\/a><\/li>\n\n<\/ul>\n\n\n--><br \/>\n<\/body><\/p>\n","protected":false},"excerpt":{"rendered":"<p>San Salvador, 12 mar (PL) El procurador para la Defensa de los Derechos Humanos en El Salvador, David Morales, llam\u00f3 hoy a los partidos pol\u00edticos a facilitar el escrutinio definitivo de las elecciones del pasado 1 de marzo. En una entrevista con la televisi\u00f3n, Morales descart\u00f3 un falseamiento de los resultados electorales como pretenden hacer [&hellip;]<\/p>\n","protected":false},"author":3,"featured_media":0,"comment_status":"open","ping_status":"open","sticky":false,"template":"","format":"standard","meta":{"footnotes":""},"categories":[23],"tags":[],"class_list":["post-255023","post","type-post","status-publish","format-standard","hentry","category-internacional"],"_links":{"self":[{"href":"https:\/\/diariodominicano.com\/index.php?rest_route=\/wp\/v2\/posts\/255023","targetHints":{"allow":["GET"]}}],"collection":[{"href":"https:\/\/diariodominicano.com\/index.php?rest_route=\/wp\/v2\/posts"}],"about":[{"href":"https:\/\/diariodominicano.com\/index.php?rest_route=\/wp\/v2\/types\/post"}],"author":[{"embeddable":true,"href":"https:\/\/diariodominicano.com\/index.php?rest_route=\/wp\/v2\/users\/3"}],"replies":[{"embeddable":true,"href":"https:\/\/diariodominicano.com\/index.php?rest_route=%2Fwp%2Fv2%2Fcomments&post=255023"}],"version-history":[{"count":0,"href":"https:\/\/diariodominicano.com\/index.php?rest_route=\/wp\/v2\/posts\/255023\/revisions"}],"wp:attachment":[{"href":"https:\/\/diariodominicano.com\/index.php?rest_route=%2Fwp%2Fv2%2Fmedia&parent=255023"}],"wp:term":[{"taxonomy":"category","embeddable":true,"href":"https:\/\/diariodominicano.com\/index.php?rest_route=%2Fwp%2Fv2%2Fcategories&post=255023"},{"taxonomy":"post_tag","embeddable":true,"href":"https:\/\/diariodominicano.com\/index.php?rest_route=%2Fwp%2Fv2%2Ftags&post=255023"}],"curies":[{"name":"wp","href":"https:\/\/api.w.org\/{rel}","templated":true}]}}