{"id":255022,"date":"2015-03-12T22:00:54","date_gmt":"2015-03-12T22:00:54","guid":{"rendered":"http:\/\/diariodominicano.ddns.net\/?p=255022"},"modified":"2015-03-12T22:00:54","modified_gmt":"2015-03-12T22:00:54","slug":"bellerive-busca-participar-en-proximas-elecciones-de-haiti","status":"publish","type":"post","link":"https:\/\/diariodominicano.com\/?p=255022","title":{"rendered":"Bellerive busca participar en pr\u00f3ximas elecciones de Hait\u00ed"},"content":{"rendered":"<p><body><\/p>\n<p><img decoding=\"async\" src=\"img3\/Bellerive.jpg\" \/>  <\/p>\n<p><span class=\"text1noticias\">Hait\u00ed, 13 mar (Xinhua) &#8212; El ex primer ministro de Hait\u00ed, Jean Max Bellerive, quien estuvo al frente de la reconstrucci\u00f3n de ese pa\u00eds tras el sismo de 2010 y que en la actualidad enfrenta acusaciones de corrupci\u00f3n, anunci\u00f3 su intenci\u00f3n de participar en las pr\u00f3ximas elecciones.<\/span><\/p>\n<p><span class=\"text1noticias\"> <\/span><\/p>\n<p><span class=\"text1noticias\">\u00abM\u00e1s all\u00e1 de una campa\u00f1a de nominaci\u00f3n individual, estoy en la construcci\u00f3n de una fuerza pol\u00edtica sostenible\u00bb, dijo Bellerive, en declaraciones que publicadas este jueves por el diario haitiano \u00abLe Nouvelliste\u00bb.<\/span><\/p>\n<p><span class=\"text1noticias\"> <\/span><\/p>\n<p><span class=\"text1noticias\">Hait\u00ed debe elegir este a\u00f1o a 20 senadores, 118 diputados, 140 autoridades municipales y 1.140 asamble\u00edstas y representantes comunales en todo el pa\u00eds, adem\u00e1s del sucesor del presidente haitiano Michel Martelly, cuyo mandato concluye en mayo de 2016.<\/span><\/p>\n<p><span class=\"text1noticias\"> <\/span><\/p>\n<p><span class=\"text1noticias\">El Consejo Electoral Provisional (CEP) de Hait\u00ed propuso el mi\u00e9rcoles que los pr\u00f3ximos legisladores sean elegidos el 9 de agosto en una primera vuelta, mientras que las elecciones para el sucesor de Martelly se lleven a cabo el 25 de octubre de este a\u00f1o.<\/span><\/p>\n<p><span class=\"text1noticias\"> <\/span><\/p>\n<p><span class=\"text1noticias\">El CEP tambi\u00e9n recomend\u00f3 que la segunda vuelta para las legislativas se realicen el mismo d\u00eda de la primera ronda para las presidenciales, mientras que la segunda vuelta presidencial se produzca el 27 de diciembre.<\/span><\/p>\n<p><span class=\"text1noticias\"> <\/span><\/p>\n<p><span class=\"text1noticias\">Bellerive no precis\u00f3 el cargo al cual se postular\u00e1, sin embargo asegur\u00f3 que no lo har\u00e1 por el partido gobernante Respuesta Campesina, al cual lo une una vieja amistad, sino a la organizaci\u00f3n para la cual se desempe\u00f1\u00f3 como primer ministro.<\/span><\/p>\n<p><span class=\"text1noticias\">\u00abNunca confund\u00ed afecto, relaciones parentales, amistad y afiliaci\u00f3n pol\u00edtica\u00bb, dijo Bellerive.<\/span><\/p>\n<p><span class=\"text1noticias\"> <\/span><\/p>\n<p><span class=\"text1noticias\">Joseph Jean Max Bellerive, de 57 a\u00f1os, fue primer ministro de 2009 a 2011 del entonces presidente haitiano Ren\u00e9 Pr\u00e9val, para cuyo gobierno trabaj\u00f3 tambi\u00e9n como ministro de Planificaci\u00f3n y Cooperaci\u00f3n Exterior desde junio de 2006 hasta su designaci\u00f3n al frente del gobierno.<\/span><\/p>\n<p><span class=\"text1noticias\"> <\/span><\/p>\n<p><span class=\"text1noticias\">Luego del terremoto de 7,3 grados que en enero del 2010 dej\u00f3 222.570 muertos y p\u00e9rdidas materiales por unos 7.900 millones de d\u00f3lares, Bellerive fue nombrado copresidente de la Comisi\u00f3n Interina para la Reconstrucci\u00f3n de Hait\u00ed (CIRH), junto al ex presidente estadounidense Bill Clinton.<\/span><\/p>\n<p><span class=\"text1noticias\"> <\/span><\/p>\n<p><span class=\"text1noticias\">La CIRH, organismo creado en agosto del 2010 para administrar la ayuda externa tras el sismo, fue desarticulada por el presidente haitiano Michel Martelly, quien en marzo de 2013 anunci\u00f3 que su gobierno asumir\u00eda el papel de esa entidad.<\/span><\/p>\n<p><span class=\"text1noticias\"> <\/span><\/p>\n<p><span class=\"text1noticias\">En pleno proceso de reconstrucci\u00f3n, Bellerive fue involucrado en una supuesta adjudicaci\u00f3n irregular de obras en beneficio de F\u00e9lix Bautista, un legislador de la vecina Rep\u00fablica Dominicana que logr\u00f3 multimillonarios contratos para la edificaci\u00f3n de entidades p\u00fablicas destruidas por el terremoto.<\/span><\/p>\n<p><span class=\"text1noticias\"> <\/span><\/p>\n<p><span class=\"text1noticias\">Bellerive respondi\u00f3 entonces que durante el proceso de selecci\u00f3n de las empresas constructoras se determin\u00f3 que las empresas de Bautista cumpl\u00edan con los par\u00e1metros establecidos por la legislaci\u00f3n haitiana, por lo cual fueron escogidas para trabajar en el proceso de reconstrucci\u00f3n.<\/span><\/p>\n<p><span class=\"text1noticias\"> <\/span><\/p>\n<p><span class=\"text1noticias\">El ex primer ministro haitiano fue acusado tambi\u00e9n de beneficiar a la familia Clinton para obtener la licencia de explotaci\u00f3n de una concesi\u00f3n minera, acusaci\u00f3n que el ex funcionario atribuy\u00f3 a razones pol\u00edticas<\/span><\/p>\n<p><span class=\"text1noticias\">Bellerive estudi\u00f3 en Suiza, Francia y B\u00e9lgica y regres\u00f3 a su pa\u00eds en el 1986, luego de graduarse en Ciencias Pol\u00edticas y Relaciones Inter<\/span>nacionales.<\/p>\n<h6> 2015-03-12 22:00:54 <\/h6>\n<p><!--\n<link rel=\"stylesheet\" href=\"css\/bootstrap.min.css\">\n\n\n<ul class=\"pagination\">\n\t    \n\t\n\n<li >\n\t<a href='?page_no=24666'>Previous<\/a>\n\t<\/li>\n\n\n       \n    \n\n<li><a href='?page_no=1'>1<\/a><\/li>\n\n\n\n<li><a href='?page_no=2'>2<\/a><\/li>\n\n\n\n<li><a>...<\/a><\/li>\n\n\n\n<li><a href='?page_no=24665'>24665<\/a><\/li>\n\n\n\n<li><a href='?page_no=24666'>24666<\/a><\/li>\n\n\n\n<li class='active'><a>24667<\/a><\/li>\n\n\n\n<li><a href='?page_no=24668'>24668<\/a><\/li>\n\n\n\n<li><a href='?page_no=24669'>24669<\/a><\/li>\n\n\n\n<li><a>...<\/a><\/li>\n\n\n\n<li><a href='?page_no=51012'>51012<\/a><\/li>\n\n\n\n<li><a href='?page_no=51013'>51013<\/a><\/li>\n\n    \n\t\n\n<li >\n\t<a href='?page_no=24668'>Next<\/a>\n\t<\/li>\n\n\n    \n\n<li><a href='?page_no=51013'>Last &rsaquo;&rsaquo;<\/a><\/li>\n\n<\/ul>\n\n\n--><br \/>\n<\/body><\/p>\n","protected":false},"excerpt":{"rendered":"<p>Hait\u00ed, 13 mar (Xinhua) &#8212; El ex primer ministro de Hait\u00ed, Jean Max Bellerive, quien estuvo al frente de la reconstrucci\u00f3n de ese pa\u00eds tras el sismo de 2010 y que en la actualidad enfrenta acusaciones de corrupci\u00f3n, anunci\u00f3 su intenci\u00f3n de participar en las pr\u00f3ximas elecciones. \u00abM\u00e1s all\u00e1 de una campa\u00f1a de nominaci\u00f3n individual, [&hellip;]<\/p>\n","protected":false},"author":3,"featured_media":0,"comment_status":"open","ping_status":"open","sticky":false,"template":"","format":"standard","meta":{"footnotes":""},"categories":[23],"tags":[],"class_list":["post-255022","post","type-post","status-publish","format-standard","hentry","category-internacional"],"_links":{"self":[{"href":"https:\/\/diariodominicano.com\/index.php?rest_route=\/wp\/v2\/posts\/255022","targetHints":{"allow":["GET"]}}],"collection":[{"href":"https:\/\/diariodominicano.com\/index.php?rest_route=\/wp\/v2\/posts"}],"about":[{"href":"https:\/\/diariodominicano.com\/index.php?rest_route=\/wp\/v2\/types\/post"}],"author":[{"embeddable":true,"href":"https:\/\/diariodominicano.com\/index.php?rest_route=\/wp\/v2\/users\/3"}],"replies":[{"embeddable":true,"href":"https:\/\/diariodominicano.com\/index.php?rest_route=%2Fwp%2Fv2%2Fcomments&post=255022"}],"version-history":[{"count":0,"href":"https:\/\/diariodominicano.com\/index.php?rest_route=\/wp\/v2\/posts\/255022\/revisions"}],"wp:attachment":[{"href":"https:\/\/diariodominicano.com\/index.php?rest_route=%2Fwp%2Fv2%2Fmedia&parent=255022"}],"wp:term":[{"taxonomy":"category","embeddable":true,"href":"https:\/\/diariodominicano.com\/index.php?rest_route=%2Fwp%2Fv2%2Fcategories&post=255022"},{"taxonomy":"post_tag","embeddable":true,"href":"https:\/\/diariodominicano.com\/index.php?rest_route=%2Fwp%2Fv2%2Ftags&post=255022"}],"curies":[{"name":"wp","href":"https:\/\/api.w.org\/{rel}","templated":true}]}}