{"id":255021,"date":"2015-03-12T22:15:52","date_gmt":"2015-03-12T22:15:52","guid":{"rendered":"http:\/\/diariodominicano.ddns.net\/?p=255021"},"modified":"2015-03-12T22:15:52","modified_gmt":"2015-03-12T22:15:52","slug":"gobierno-y-onu-lanzan-estrategia-para-reducir-extrema-vulnerabilidad-en-haiti","status":"publish","type":"post","link":"https:\/\/diariodominicano.com\/?p=255021","title":{"rendered":"Gobierno y ONU lanzan estrategia para reducir extrema vulnerabilidad en Hait\u00ed"},"content":{"rendered":"<p><body><\/p>\n<p><span class=\"text1noticias\">Hait\u00ed, 13 mar (Xinhua) &#8212; El gobierno haitiano y la Organizaci\u00f3n de las Naciones Unidas lanzaron una nueva estrategia para reducir la extrema vulnerabilidad en la poblaci\u00f3n haitiana, por un monto de poco m\u00e1s de 400 millones de d\u00f3lares, inform\u00f3 la Misi\u00f3n de la ONU para la Estabilizaci\u00f3n de Hait\u00ed (Minustah).<\/span><\/p>\n<p><span class=\"text1noticias\"> <\/span><\/p>\n<p><span class=\"text1noticias\">Peter de Clercq, coordinador de Asuntos Humanitarios y coordinador residente de la ONU en Hait\u00ed, dijo que el proyecto, denominado TAP (Transitional Appeal en ingl\u00e9s), sustituye al pedido humanitario anual y persigue proporcionar una transici\u00f3n humanitaria al desarrollo, al tiempo que garantiza la continuidad del apoyo al Estado haitiano en el contexto de la reducci\u00f3n de la presencia de la Minustah en el pa\u00eds.<\/span><\/p>\n<p><span class=\"text1noticias\"> <\/span><\/p>\n<p><span class=\"text1noticias\">En octubre del a\u00f1o pasado, el Consejo de Seguridad de la ONU ampli\u00f3 por un a\u00f1o m\u00e1s la presencia de su misi\u00f3n en Hait\u00ed, y ratific\u00f3 su intenci\u00f3n de seguir reduciendo la presencia militar del organismo hasta los 2.370 de los 5.145 efectivos militares con que cuenta actualmente, adem\u00e1s de 2.601 polic\u00edas de otros varios pa\u00edses.<\/span><\/p>\n<p><span class=\"text1noticias\"> <\/span><\/p>\n<p><span class=\"text1noticias\">La Minustah fue establecida el 1 de junio del 2004 por una resoluci\u00f3n del Consejo de Seguridad de las Naciones Unidas. El organismo sucedi\u00f3 a una Fuerza Multinacional Provisional autorizada por el organismo mundial en febrero de ese a\u00f1o, despu\u00e9s de la partida al exilio del entonces presidente Jean Bertrand Aristide.<\/span><\/p>\n<p><span class=\"text1noticias\"> <\/span><\/p>\n<p><span class=\"text1noticias\">\u00abNo es un proceso terminado, sino un proceso din\u00e1mico. El TAP ha sido desarrollado con el fin de sentar las bases de un desarrollo sostenible en Hait\u00ed en los pr\u00f3ximos dos a\u00f1os\u00bb, dijo De Clercq.<\/span><\/p>\n<p><span class=\"text1noticias\"> <\/span><\/p>\n<p><span class=\"text1noticias\">El alto representante de la ONU anunci\u00f3 que el lanzamiento internacional del proyecto, que requiere un financiamiento de 401 millones de d\u00f3lares, se realizar\u00e1 este viernes en Ginebra, Suiza, y la pr\u00f3xima semana a otros socios financieros en Bruselas, Londres, La Haya y Oslo.<\/span><\/p>\n<p><span class=\"text1noticias\"> <\/span><\/p>\n<p><span class=\"text1noticias\">El plan ya fue lanzado el mi\u00e9rcoles en Puerto Pr\u00edncipe, en presencia de la representante especial del secretario general de la ONU en Hait\u00ed, Sandra Honor\u00e9; el jefe de la secci\u00f3n de econom\u00eda y buena gobernanza en la Uni\u00f3n Europea, Markus Handke, y del jefe de Cooperaci\u00f3n de la Embajada de Canad\u00e1, Vincent Le Pape, adem\u00e1s de representantes de las ONG que operan en el pa\u00eds.<\/span><\/p>\n<p><span class=\"text1noticias\"> <\/span><\/p>\n<p><span class=\"text1noticias\">El proyecto ser\u00e1 liderado por un comit\u00e9 conjunto dirigido por el Ministerio haitiano de Planificaci\u00f3n y Cooperaci\u00f3n Externa y la Oficina Integrada de las Naciones Unidas.<\/span><\/p>\n<p><span class=\"text1noticias\"> <\/span><\/p>\n<p><span class=\"text1noticias\">Yves Germain Joseph, ministro de Planificaci\u00f3n y Cooperaci\u00f3n Externa, dijo que el TAP dar\u00e1 prioridad a los asuntos m\u00e1s \u00abagudos y urgentes\u00bb como los desplazados internos que a\u00fan viven en campamentos, la epidemia de c\u00f3lera, la inseguridad alimentaria y los problemas de desnutrici\u00f3n o la privaci\u00f3n cr\u00f3nica y la gesti\u00f3n de riesgos y los desastres.<\/span><\/p>\n<p><span class=\"text1noticias\"> <\/span><\/p>\n<p><span class=\"text1noticias\">\u00abLejos de ser una visi\u00f3n general de todas las necesidades, esta convocatoria es esfuerzo conjunto\u00bb del gobierno, el sistema de las Naciones Unidas y las ONG en el pa\u00eds, trabajando en un enfoque de transici\u00f3n que puede satisfacer las necesidades urgentes y las causas subyacentes de soluciones sostenibles\u00bb, dijo Joseph.<\/span><\/p>\n<p><span class=\"text1noticias\"> <\/span><\/p>\n<p><span class=\"text1noticias\">Por su parte, la jefa de la Misi\u00f3n de la ONU en Hait\u00ed manifest\u00f3 que un aspecto fundamental de la construcci\u00f3n de la capacidad de recuperaci\u00f3n y desarrollo de Hait\u00ed se basa en la estabilizaci\u00f3n y la paz, adem\u00e1s del fortalecimiento de la ley y de la democracia.<\/span><\/p>\n<p><span class=\"text1noticias\"> <\/span><\/p>\n<p><span class=\"text1noticias\">Hait\u00ed trata de superar una grave crisis pol\u00edtica que tras forzar la dimisi\u00f3n del anterior primer ministro Laurent Lamothe, dej\u00f3 sin funciones al Parlamento debido al prolongado retraso en la organizaci\u00f3n de los comicios.<\/span><\/p>\n<p><span class=\"text1noticias\"> <\/span><\/p>\n<p><span class=\"text1noticias\">El Poder Ejecutivo conform\u00f3 en enero pasado un gobierno de coalici\u00f3n integrado por antiguos ministros y nuevos representantes de la oposici\u00f3n radical, y constituy\u00f3 a un nuevo organismo electoral que tendr\u00e1 a su cargo la organizaci\u00f3n de las elecciones.<\/span><\/p>\n<p><span class=\"text1noticias\"> <\/span><\/p>\n<p><span class=\"text1noticias\">Los haitianos deben elegir a 20 senadores, 118 diputados, 140 autoridades municipales y  1.140 asamble\u00edstas y representantes comunales en todo el pa\u00eds, adem\u00e1s del sucesor del actual presidente de la Rep\u00fablica, Michel Martelly, cuyo mandato concluye en mayo del 2016.<\/span><\/p>\n<p><span class=\"text1noticias\"> <\/span><\/p>\n<p><span class=\"text1noticias\">Hait\u00ed conmemor\u00f3 este a\u00f1o el quinto aniversario del poderoso sismo de 7,3 grados en la escala de Richter que en enero del 2010 dej\u00f3 222.570 muertos y p\u00e9rdidas materiales por unos 7.900 millones de d\u00f3lares.<\/span><\/p>\n<p><span class=\"text1noticias\"> <\/span><\/p>\n<p><span class=\"text1noticias\">El terremoto, que afect\u00f3 principalmente Puerto Pr\u00edncipe, L\u00e9og\u00e2ne y Jacmel, en el sur y suroeste del pa\u00eds, dej\u00f3 tambi\u00e9n mill\u00f3n y medio de damnificados, de los cuales 79.397 personas (21.218 familias) viven a\u00fan en alguno de los 105 campamentos que quedan, seg\u00fan el \u00faltimo informe de la Organizaci\u00f3n Internacional para las Migraciones (OIM) difundido a principi<\/span>os de este a\u00f1o.<\/p>\n<h6> 2015-03-12 22:15:52 <\/h6>\n<p><!--\n<link rel=\"stylesheet\" href=\"css\/bootstrap.min.css\">\n\n\n<ul class=\"pagination\">\n\t    \n\t\n\n<li >\n\t<a href='?page_no=24665'>Previous<\/a>\n\t<\/li>\n\n\n       \n    \n\n<li><a href='?page_no=1'>1<\/a><\/li>\n\n\n\n<li><a href='?page_no=2'>2<\/a><\/li>\n\n\n\n<li><a>...<\/a><\/li>\n\n\n\n<li><a href='?page_no=24664'>24664<\/a><\/li>\n\n\n\n<li><a href='?page_no=24665'>24665<\/a><\/li>\n\n\n\n<li class='active'><a>24666<\/a><\/li>\n\n\n\n<li><a href='?page_no=24667'>24667<\/a><\/li>\n\n\n\n<li><a href='?page_no=24668'>24668<\/a><\/li>\n\n\n\n<li><a>...<\/a><\/li>\n\n\n\n<li><a href='?page_no=51012'>51012<\/a><\/li>\n\n\n\n<li><a href='?page_no=51013'>51013<\/a><\/li>\n\n    \n\t\n\n<li >\n\t<a href='?page_no=24667'>Next<\/a>\n\t<\/li>\n\n\n    \n\n<li><a href='?page_no=51013'>Last &rsaquo;&rsaquo;<\/a><\/li>\n\n<\/ul>\n\n\n--><br \/>\n<\/body><\/p>\n","protected":false},"excerpt":{"rendered":"<p>Hait\u00ed, 13 mar (Xinhua) &#8212; El gobierno haitiano y la Organizaci\u00f3n de las Naciones Unidas lanzaron una nueva estrategia para reducir la extrema vulnerabilidad en la poblaci\u00f3n haitiana, por un monto de poco m\u00e1s de 400 millones de d\u00f3lares, inform\u00f3 la Misi\u00f3n de la ONU para la Estabilizaci\u00f3n de Hait\u00ed (Minustah). Peter de Clercq, coordinador [&hellip;]<\/p>\n","protected":false},"author":3,"featured_media":0,"comment_status":"open","ping_status":"open","sticky":false,"template":"","format":"standard","meta":{"footnotes":""},"categories":[23],"tags":[],"class_list":["post-255021","post","type-post","status-publish","format-standard","hentry","category-internacional"],"_links":{"self":[{"href":"https:\/\/diariodominicano.com\/index.php?rest_route=\/wp\/v2\/posts\/255021","targetHints":{"allow":["GET"]}}],"collection":[{"href":"https:\/\/diariodominicano.com\/index.php?rest_route=\/wp\/v2\/posts"}],"about":[{"href":"https:\/\/diariodominicano.com\/index.php?rest_route=\/wp\/v2\/types\/post"}],"author":[{"embeddable":true,"href":"https:\/\/diariodominicano.com\/index.php?rest_route=\/wp\/v2\/users\/3"}],"replies":[{"embeddable":true,"href":"https:\/\/diariodominicano.com\/index.php?rest_route=%2Fwp%2Fv2%2Fcomments&post=255021"}],"version-history":[{"count":0,"href":"https:\/\/diariodominicano.com\/index.php?rest_route=\/wp\/v2\/posts\/255021\/revisions"}],"wp:attachment":[{"href":"https:\/\/diariodominicano.com\/index.php?rest_route=%2Fwp%2Fv2%2Fmedia&parent=255021"}],"wp:term":[{"taxonomy":"category","embeddable":true,"href":"https:\/\/diariodominicano.com\/index.php?rest_route=%2Fwp%2Fv2%2Fcategories&post=255021"},{"taxonomy":"post_tag","embeddable":true,"href":"https:\/\/diariodominicano.com\/index.php?rest_route=%2Fwp%2Fv2%2Ftags&post=255021"}],"curies":[{"name":"wp","href":"https:\/\/api.w.org\/{rel}","templated":true}]}}