{"id":255019,"date":"2015-03-13T10:50:42","date_gmt":"2015-03-13T10:50:42","guid":{"rendered":"http:\/\/diariodominicano.ddns.net\/?p=255019"},"modified":"2015-03-13T10:50:42","modified_gmt":"2015-03-13T10:50:42","slug":"nicolas-maduro-dice-que-calificar-a-venezuela-como-amenaza-le-va-a-costar-caro-a-eeuu","status":"publish","type":"post","link":"https:\/\/diariodominicano.com\/?p=255019","title":{"rendered":"Nicol\u00e1s Maduro dice que calificar a Venezuela como amenaza le va a costar \u00abcaro\u00bb a EEUU"},"content":{"rendered":"<p><body><\/p>\n<p><img decoding=\"async\" src=\"img3\/madu 3.jpg\" \/><br \/><img decoding=\"async\" src=\"img3\/duro 13.jpg\" \/>  <\/p>\n<p>Caracas, Venezuela 13 marzo.- El presidente de Venezuela, Nicol\u00e1s Maduro, afirm\u00f3 hoy que la decisi\u00f3n del Gobierno de Estados Unidos de calificar al pa\u00eds suramericano como una \u00abamenaza\u00bb, le va a costar \u00abmuy caro\u00bb a la naci\u00f3n norteamericana.<\/p>\n<\/p>\n<p>\u00abLos Estados Unidos de Norteam\u00e9rica han cometido la aberraci\u00f3n hist\u00f3rica m\u00e1s grande y le va a costar muy caro en lo pol\u00edtico, en lo diplom\u00e1tico, en lo humano, calificar a Venezuela como una amenaza\u00bb, dijo Maduro desde el palacio presidencial de Miraflores al t\u00e9rmino de una marcha denominada \u00abantiimperialista\u00bb.<\/p>\n<\/p>\n<p>El presidente de EE.UU., Barack Obama, declar\u00f3 a trav\u00e9s de una orden ejecutiva emitida este lunes una \u00abemergencia nacional\u00bb en su pa\u00eds por la \u00abamenaza inusual y extraordinaria\u00bb que la situaci\u00f3n de Venezuela representa para la seguridad estadounidense.<\/p>\n<\/p>\n<p>El anuncio de Washington incluy\u00f3 el bloqueo de bienes que pudieran tener en EE.UU. siete funcionarios venezolanos a los que acusa de violar derechos humanos durante las protestas antigubernamentales que se vivieron en el pa\u00eds en 2014 junto con la prohibici\u00f3n de entrar a EE.UU.<\/p>\n<\/p>\n<p>Maduro, que calific\u00f3 esta decisi\u00f3n estadounidense como \u00abel paso m\u00e1s agresivo, injusto y nefasto que jam\u00e1s se haya dado contra Venezuela\u00bb, dijo hoy que \u00abla \u00fanica amenaza que hay contra el pueblo de los EE.UU. son sus propios gobernantes que los mandan a la guerra\u00bb.<\/p>\n<\/p>\n<p>El mandatario venezolano asegur\u00f3 que las sanciones impuestas a los funcionarios son una reacci\u00f3n de la Administraci\u00f3n de Obama por la detenci\u00f3n del opositor Leopoldo L\u00f3pez, recluido en prisi\u00f3n desde hace m\u00e1s de un a\u00f1o acusado de promover la violencia en una marcha antigubernamental a principios de 2014, y quien, seg\u00fan Maduro, es \u00abun agente antipatria\u00bb de EE.UU.<\/p>\n<\/p>\n<p>\u00abEE.UU. decret\u00f3 la &#8216;emergencia nacional&#8217; y nos acusa de ser una amenaza porque la Justicia venezolana llev\u00f3 a la c\u00e1rcel al agente principal que ellos tienen en Venezuela para desestabilizar, que ellos lo llaman el l\u00edder, el monstruo de Ramo Verde\u00bb, dijo.<\/p>\n<\/p>\n<p>\u00abDeclaran a todo un pa\u00eds amenaza para salvar a uno de sus agentes, Leopoldo L\u00f3pez, que es un asesino reincidente\u00bb, a\u00f1adi\u00f3 el mandatario que ha considerado que despu\u00e9s de la muerte de su predecesor Hugo Ch\u00e1vez (1999-2013), este \u00abes el momento m\u00e1s importante de la revoluci\u00f3n\u00bb.<\/p>\n<\/p>\n<p>Tras el anuncio de las sanciones, Maduro solicit\u00f3 al Parlamento venezolano autorizar una ley habilitante que le otorgue poderes especiales que le permitan legislar durante seis meses para \u00abenfrentar\u00bb las \u00abamenazas\u00bb de EE.UU., una solicitud que el Legislativo prev\u00e9 autorizar el pr\u00f3ximo domingo.<\/p>\n<\/p>\n<p>Este incidente entre los dos pa\u00edses es el \u00faltimo de las dif\u00edciles relaciones marcadas por diversas fases de altibajos desde que a finales de 2010 retirar\u00e1n sus respectivos embajadores. <\/p>\n<h6> 2015-03-13 10:50:42 <\/h6>\n<p><!--\n<link rel=\"stylesheet\" href=\"css\/bootstrap.min.css\">\n\n\n<ul class=\"pagination\">\n\t    \n\t\n\n<li >\n\t<a href='?page_no=24663'>Previous<\/a>\n\t<\/li>\n\n\n       \n    \n\n<li><a href='?page_no=1'>1<\/a><\/li>\n\n\n\n<li><a href='?page_no=2'>2<\/a><\/li>\n\n\n\n<li><a>...<\/a><\/li>\n\n\n\n<li><a href='?page_no=24662'>24662<\/a><\/li>\n\n\n\n<li><a href='?page_no=24663'>24663<\/a><\/li>\n\n\n\n<li class='active'><a>24664<\/a><\/li>\n\n\n\n<li><a href='?page_no=24665'>24665<\/a><\/li>\n\n\n\n<li><a href='?page_no=24666'>24666<\/a><\/li>\n\n\n\n<li><a>...<\/a><\/li>\n\n\n\n<li><a href='?page_no=51012'>51012<\/a><\/li>\n\n\n\n<li><a href='?page_no=51013'>51013<\/a><\/li>\n\n    \n\t\n\n<li >\n\t<a href='?page_no=24665'>Next<\/a>\n\t<\/li>\n\n\n    \n\n<li><a href='?page_no=51013'>Last &rsaquo;&rsaquo;<\/a><\/li>\n\n<\/ul>\n\n\n--><br \/>\n<\/body><\/p>\n","protected":false},"excerpt":{"rendered":"<p>Caracas, Venezuela 13 marzo.- El presidente de Venezuela, Nicol\u00e1s Maduro, afirm\u00f3 hoy que la decisi\u00f3n del Gobierno de Estados Unidos de calificar al pa\u00eds suramericano como una \u00abamenaza\u00bb, le va a costar \u00abmuy caro\u00bb a la naci\u00f3n norteamericana. \u00abLos Estados Unidos de Norteam\u00e9rica han cometido la aberraci\u00f3n hist\u00f3rica m\u00e1s grande y le va a costar [&hellip;]<\/p>\n","protected":false},"author":3,"featured_media":0,"comment_status":"open","ping_status":"open","sticky":false,"template":"","format":"standard","meta":{"footnotes":""},"categories":[23],"tags":[],"class_list":["post-255019","post","type-post","status-publish","format-standard","hentry","category-internacional"],"_links":{"self":[{"href":"https:\/\/diariodominicano.com\/index.php?rest_route=\/wp\/v2\/posts\/255019","targetHints":{"allow":["GET"]}}],"collection":[{"href":"https:\/\/diariodominicano.com\/index.php?rest_route=\/wp\/v2\/posts"}],"about":[{"href":"https:\/\/diariodominicano.com\/index.php?rest_route=\/wp\/v2\/types\/post"}],"author":[{"embeddable":true,"href":"https:\/\/diariodominicano.com\/index.php?rest_route=\/wp\/v2\/users\/3"}],"replies":[{"embeddable":true,"href":"https:\/\/diariodominicano.com\/index.php?rest_route=%2Fwp%2Fv2%2Fcomments&post=255019"}],"version-history":[{"count":0,"href":"https:\/\/diariodominicano.com\/index.php?rest_route=\/wp\/v2\/posts\/255019\/revisions"}],"wp:attachment":[{"href":"https:\/\/diariodominicano.com\/index.php?rest_route=%2Fwp%2Fv2%2Fmedia&parent=255019"}],"wp:term":[{"taxonomy":"category","embeddable":true,"href":"https:\/\/diariodominicano.com\/index.php?rest_route=%2Fwp%2Fv2%2Fcategories&post=255019"},{"taxonomy":"post_tag","embeddable":true,"href":"https:\/\/diariodominicano.com\/index.php?rest_route=%2Fwp%2Fv2%2Ftags&post=255019"}],"curies":[{"name":"wp","href":"https:\/\/api.w.org\/{rel}","templated":true}]}}